{"id":10570,"date":"2018-02-12T14:15:20","date_gmt":"2018-02-12T13:15:20","guid":{"rendered":"http:\/\/www.belica.hr\/wp\/?p=10570"},"modified":"2018-02-12T14:16:05","modified_gmt":"2018-02-12T13:16:05","slug":"izvjestaji-proracuna-proracunskih-i-izvanproracunskih-korisnika-djecji-vrtic-belica-2017-godina","status":"publish","type":"post","link":"https:\/\/www.belica.hr\/wp\/izvjestaji-proracuna-proracunskih-i-izvanproracunskih-korisnika-djecji-vrtic-belica-2017-godina\/","title":{"rendered":"Izvje\u0161taji prora\u010duna, prora\u010dunskih i izvanprora\u010dunskih korisnika &#8211; Dje\u010dji vrti\u0107 Belica (2017. godina)"},"content":{"rendered":"<p><a href=\"https:\/\/www.belica.hr\/wp\/wp-content\/uploads\/2018\/02\/PRORA\u010cUN-VRTI\u0106504a1-.xls\" class=\"mtli_attachment mtli_xls\">Izvje\u0161taji prora\u010duna, prora\u010dunskih i izvanprora\u010dunskih korisnika &#8211; Dje\u010dji vrti\u0107 Belica (2017. godina)<\/a><\/p>\n","protected":false},"excerpt":{"rendered":"<p>Izvje\u0161taji prora\u010duna, prora\u010dunskih i izvanprora\u010dunskih korisnika &#8211; Dje\u010dji vrti\u0107 Belica (2017. godina)<\/p>\n","protected":false},"author":1,"featured_media":10569,"comment_status":"closed","ping_status":"closed","sticky":false,"template":"","format":"standard","meta":{"footnotes":""},"categories":[33],"tags":[303,721,1324,67,1323],"class_list":["post-10570","post","type-post","status-publish","format-standard","has-post-thumbnail","hentry","category-vrtici","tag-djecji-vrtic","tag-izvjestaj","tag-korisnik","tag-proracun","tag-proracunski"],"_links":{"self":[{"href":"https:\/\/www.belica.hr\/wp\/wp-json\/wp\/v2\/posts\/10570","targetHints":{"allow":["GET"]}}],"collection":[{"href":"https:\/\/www.belica.hr\/wp\/wp-json\/wp\/v2\/posts"}],"about":[{"href":"https:\/\/www.belica.hr\/wp\/wp-json\/wp\/v2\/types\/post"}],"author":[{"embeddable":true,"href":"https:\/\/www.belica.hr\/wp\/wp-json\/wp\/v2\/users\/1"}],"replies":[{"embeddable":true,"href":"https:\/\/www.belica.hr\/wp\/wp-json\/wp\/v2\/comments?post=10570"}],"version-history":[{"count":1,"href":"https:\/\/www.belica.hr\/wp\/wp-json\/wp\/v2\/posts\/10570\/revisions"}],"predecessor-version":[{"id":10572,"href":"https:\/\/www.belica.hr\/wp\/wp-json\/wp\/v2\/posts\/10570\/revisions\/10572"}],"wp:featuredmedia":[{"embeddable":true,"href":"https:\/\/www.belica.hr\/wp\/wp-json\/wp\/v2\/media\/10569"}],"wp:attachment":[{"href":"https:\/\/www.belica.hr\/wp\/wp-json\/wp\/v2\/media?parent=10570"}],"wp:term":[{"taxonomy":"category","embeddable":true,"href":"https:\/\/www.belica.hr\/wp\/wp-json\/wp\/v2\/categories?post=10570"},{"taxonomy":"post_tag","embeddable":true,"href":"https:\/\/www.belica.hr\/wp\/wp-json\/wp\/v2\/tags?post=10570"}],"curies":[{"name":"wp","href":"https:\/\/api.w.org\/{rel}","templated":true}]}}