{"id":10868,"date":"2018-09-06T10:24:28","date_gmt":"2018-09-06T09:24:28","guid":{"rendered":"http:\/\/www.belica.hr\/wp\/?p=10868"},"modified":"2020-10-21T10:16:36","modified_gmt":"2020-10-21T09:16:36","slug":"odrzat-ce-se-9-sjednica-opcinskog-vijeca-opcine-belica","status":"publish","type":"post","link":"https:\/\/www.belica.hr\/wp\/odrzat-ce-se-9-sjednica-opcinskog-vijeca-opcine-belica\/","title":{"rendered":"Odr\u017eat \u0107e se 9. sjednica Op\u0107inskog vije\u0107a Op\u0107ine Belica"},"content":{"rendered":"<p style=\"text-align: center;\"><strong>9. sjednica Op\u0107inskog vije\u0107a odr\u017eat \u0107e se u vije\u0107nici Op\u0107ine Belica, <\/strong><\/p>\n<p style=\"text-align: center;\"><strong>u ponedjeljak, 10. rujna 2018. godine s po\u010detkom u 19,00 sati.<\/strong><\/p>\n<p style=\"text-align: center;\"><span style=\"color: #ffffff;\">&#8230;<\/span><\/p>\n<p><strong><span style=\"text-decoration: underline;\">DNEVNI RED:<\/span><\/strong><\/p>\n<p><span style=\"color: #ffffff;\">&#8230;<\/span><\/p>\n<p><strong>1. TO\u010cKA: Prijedlog Odluke o usvajanju Polugodi\u0161njeg izvje\u0161taja o izvr\u0161enju Prora\u010duna Op\u0107ine Belica za 2018. godinu<\/strong><\/p>\n<p>&#8211;\u00a0 predlagatelj je op\u0107inski na\u010delnik<\/p>\n<p>&#8211; predstavnik predlagatelja zadu\u017een za davanje obrazlo\u017eenja je op\u0107inski na\u010delnik,\u00a0 Zvonimir Taradi<\/p>\n<p><span style=\"color: #ffffff;\">&#8230;<\/span><\/p>\n<p><strong>2.<\/strong> <strong>TO\u010cKA: Prijedlog II. Izmjena i dopuna Prora\u010duna Op\u0107ine Belica za 2018. godinu<\/strong><\/p>\n<p>&#8211;\u00a0 predlagatelj je op\u0107inski na\u010delnik<\/p>\n<p>&#8211; predstavnik predlagatelja zadu\u017een za davanje obrazlo\u017eenja je op\u0107inski na\u010delnik,\u00a0 Zvonimir Taradi<\/p>\n<p><span style=\"color: #ffffff;\">\u00a0&#8230;<\/span><\/p>\n<p><strong><a href=\"https:\/\/www.belica.hr\/wp\/wp-content\/uploads\/2018\/09\/3.-TO\u010cKA-odluka-izvje\u0161\u0107e-na\u010delnika.doc\" class=\"mtli_attachment mtli_doc\">3. TO\u010cKA: Prijedlog Zaklju\u010dka o usvajanju Polugodi\u0161njeg Izvje\u0161\u0107a o radu op\u0107inskog na\u010delnika za razdoblje sije\u010danj &#8211; lipanj 2018. godine<\/a><\/strong><\/p>\n<p><a href=\"https:\/\/www.belica.hr\/wp\/wp-content\/uploads\/2018\/09\/ISPIS-IZVJE\u0160\u0106E-OP\u0106INSKOG-NA\u010cELNIKA-OP\u0106INE-BELICA-1-6.2016.doc\" class=\"mtli_attachment mtli_doc\">Polugodi\u0161nje Izvje\u0161\u0107e o radu op\u0107inskog na\u010delnika za razdoblje sije\u010danj &#8211; lipanj 2018. godine<\/a><\/p>\n<p>&#8211;\u00a0 predlagatelj je op\u0107inski na\u010delnik<\/p>\n<p>&#8211; predstavnik predlagatelja zadu\u017een za davanje obrazlo\u017eenja je op\u0107inski na\u010delnik,\u00a0 Zvonimir Taradi<\/p>\n<p><span style=\"color: #ffffff;\">\u00a0&#8230;<\/span><\/p>\n<p><strong><a href=\"https:\/\/www.belica.hr\/wp\/wp-content\/uploads\/2018\/09\/odluka-o-nepropisnom-odbacivanju-otpada.doc\" class=\"mtli_attachment mtli_doc\">4. TO\u010cKA: Prijedlog Odluke o mjerama za spre\u010davanje nepropisnog odbacivanja otpada i mjerama za uklanjanje otpada odba\u010denog u okoli\u0161<\/a><\/strong><\/p>\n<p>&#8211; predlagatelj je op\u0107inski na\u010delnik<\/p>\n<p>&#8211; predstavnik predlagatelja zadu\u017een za davanje obrazlo\u017eenja je op\u0107inski na\u010delnik, Zvonimir Taradi<\/p>\n<p><span style=\"color: #ffffff;\"><strong>\u00a0&#8230;<\/strong><\/span><\/p>\n<p><strong><a href=\"https:\/\/www.belica.hr\/wp\/wp-content\/uploads\/2018\/09\/7.-TO\u010cKA-to\u010dka-zaklju\u010dak-o-usvajanju-izvje\u0161\u0107a-dvda-belica1-1.doc\" class=\"mtli_attachment mtli_doc\">5. TO\u010cKA: Prijedlog Zaklju\u010dka o usvajanju Izvje\u0161\u0107a o provedenim aktivnostima DVD-a Belica u pred\u017eetvenoj i \u017eetvenoj sezoni 2018. godine<\/a><\/strong><\/p>\n<p>&#8211;\u00a0 predlagatelj je op\u0107inski na\u010delnik<\/p>\n<p>&#8211; predstavnik predlagatelja zadu\u017een za davanje obrazlo\u017eenja je op\u0107inski na\u010delnik,\u00a0 Zvonimir Taradi<\/p>\n<p>&nbsp;<\/p>\n<p><strong><a href=\"https:\/\/www.belica.hr\/wp\/wp-content\/uploads\/2018\/09\/8.-to\u010dka-zaklju\u010dak-o-usvajanju-izvje\u0161\u0107a-dvda-GARDINOVEC-1.doc\" class=\"mtli_attachment mtli_doc\">6. TO\u010cKA: Prijedlog Zaklju\u010dka o usvajanju Izvje\u0161\u0107a o provedenim aktivnostima DVD-a Gardinovec u pred\u017eetvenoj i \u017eetvenoj sezoni 2018. godine<\/a><\/strong><\/p>\n<p>&#8211;\u00a0 predlagatelj je op\u0107inski na\u010delnik<\/p>\n<p>&#8211; predstavnik predlagatelja zadu\u017een za davanje obrazlo\u017eenja je op\u0107inski na\u010delnik, Zvonimir Taradi<\/p>\n<p>&nbsp;<\/p>\n<p><strong>7. TO\u010cKA: Ostala pitanja i prijedlozi<\/strong><\/p>\n","protected":false},"excerpt":{"rendered":"<p>9. sjednica Op\u0107inskog vije\u0107a odr\u017eat \u0107e se u vije\u0107nici Op\u0107ine Belica, u ponedjeljak, 10. rujna 2018. godine s po\u010detkom u 19,00 sati. &#8230; DNEVNI RED: &#8230; 1. TO\u010cKA: Prijedlog Odluke o usvajanju Polugodi\u0161njeg izvje\u0161taja o izvr\u0161enju Prora\u010duna Op\u0107ine Belica za 2018. godinu &#8211;\u00a0 predlagatelj je op\u0107inski na\u010delnik &#8211; predstavnik predlagatelja zadu\u017een za davanje obrazlo\u017eenja je [&hellip;]<\/p>\n","protected":false},"author":1,"featured_media":9145,"comment_status":"closed","ping_status":"closed","sticky":false,"template":"","format":"standard","meta":{"footnotes":""},"categories":[1649,1],"tags":[1212,609,824,585,458,400,1371,721,251,945,1374,81,174,1047,137,326,1372,1373,1375],"class_list":["post-10868","post","type-post","status-publish","format-standard","has-post-thumbnail","hentry","category-mandat-od-2017-do-2021-godine","category-opcina-belica","tag-1-sjednica","tag-9-sjednica","tag-dnevni-red","tag-dvd","tag-izmjene-i-dopune","tag-izvjesce","tag-izvjesce-nacelnika","tag-izvjestaj","tag-izvrsenje-proracuna","tag-mjere","tag-nepropisno-odbacen-otpad","tag-opcinsko-vijece","tag-otpad","tag-polugodisnji-izvjestaj","tag-poziv","tag-rad-opcinskog-nacelnika","tag-rebalans","tag-sijecanj-lipanj","tag-uklanjanje-otpada"],"_links":{"self":[{"href":"https:\/\/www.belica.hr\/wp\/wp-json\/wp\/v2\/posts\/10868","targetHints":{"allow":["GET"]}}],"collection":[{"href":"https:\/\/www.belica.hr\/wp\/wp-json\/wp\/v2\/posts"}],"about":[{"href":"https:\/\/www.belica.hr\/wp\/wp-json\/wp\/v2\/types\/post"}],"author":[{"embeddable":true,"href":"https:\/\/www.belica.hr\/wp\/wp-json\/wp\/v2\/users\/1"}],"replies":[{"embeddable":true,"href":"https:\/\/www.belica.hr\/wp\/wp-json\/wp\/v2\/comments?post=10868"}],"version-history":[{"count":6,"href":"https:\/\/www.belica.hr\/wp\/wp-json\/wp\/v2\/posts\/10868\/revisions"}],"predecessor-version":[{"id":10879,"href":"https:\/\/www.belica.hr\/wp\/wp-json\/wp\/v2\/posts\/10868\/revisions\/10879"}],"wp:featuredmedia":[{"embeddable":true,"href":"https:\/\/www.belica.hr\/wp\/wp-json\/wp\/v2\/media\/9145"}],"wp:attachment":[{"href":"https:\/\/www.belica.hr\/wp\/wp-json\/wp\/v2\/media?parent=10868"}],"wp:term":[{"taxonomy":"category","embeddable":true,"href":"https:\/\/www.belica.hr\/wp\/wp-json\/wp\/v2\/categories?post=10868"},{"taxonomy":"post_tag","embeddable":true,"href":"https:\/\/www.belica.hr\/wp\/wp-json\/wp\/v2\/tags?post=10868"}],"curies":[{"name":"wp","href":"https:\/\/api.w.org\/{rel}","templated":true}]}}