{"id":11143,"date":"2018-12-21T12:32:13","date_gmt":"2018-12-21T11:32:13","guid":{"rendered":"http:\/\/www.belica.hr\/wp\/?p=11143"},"modified":"2018-12-21T12:32:13","modified_gmt":"2018-12-21T11:32:13","slug":"sretan-bozic-i-nova-2019-godina","status":"publish","type":"post","link":"https:\/\/www.belica.hr\/wp\/sretan-bozic-i-nova-2019-godina\/","title":{"rendered":"Sretan Bo\u017ei\u0107 i Nova 2019. godina!"},"content":{"rendered":"<p><a href=\"https:\/\/www.belica.hr\/wp\/wp-content\/uploads\/2018\/12\/\u010destitka-2019.-bo\u017ei\u0107.jpg\"><img fetchpriority=\"high\" decoding=\"async\" class=\"aligncenter size-large wp-image-11144\" title=\"\u010destitka 2019. bo\u017ei\u0107\" src=\"https:\/\/www.belica.hr\/wp\/wp-content\/uploads\/2018\/12\/\u010destitka-2019.-bo\u017ei\u0107-1024x724.jpg\" alt=\"\u010destitka 2019. bo\u017ei\u0107\" width=\"1024\" height=\"724\" srcset=\"https:\/\/www.belica.hr\/wp\/wp-content\/uploads\/2018\/12\/\u010destitka-2019.-bo\u017ei\u0107-1024x724.jpg 1024w, https:\/\/www.belica.hr\/wp\/wp-content\/uploads\/2018\/12\/\u010destitka-2019.-bo\u017ei\u0107-300x212.jpg 300w, https:\/\/www.belica.hr\/wp\/wp-content\/uploads\/2018\/12\/\u010destitka-2019.-bo\u017ei\u0107-24x17.jpg 24w, https:\/\/www.belica.hr\/wp\/wp-content\/uploads\/2018\/12\/\u010destitka-2019.-bo\u017ei\u0107-36x25.jpg 36w, https:\/\/www.belica.hr\/wp\/wp-content\/uploads\/2018\/12\/\u010destitka-2019.-bo\u017ei\u0107-48x34.jpg 48w, https:\/\/www.belica.hr\/wp\/wp-content\/uploads\/2018\/12\/\u010destitka-2019.-bo\u017ei\u0107.jpg 1048w\" sizes=\"(max-width: 1024px) 100vw, 1024px\" \/><\/a><\/p>\n","protected":false},"excerpt":{"rendered":"","protected":false},"author":1,"featured_media":11145,"comment_status":"closed","ping_status":"closed","sticky":false,"template":"","format":"standard","meta":{"footnotes":""},"categories":[1],"tags":[],"class_list":["post-11143","post","type-post","status-publish","format-standard","has-post-thumbnail","hentry","category-opcina-belica"],"_links":{"self":[{"href":"https:\/\/www.belica.hr\/wp\/wp-json\/wp\/v2\/posts\/11143","targetHints":{"allow":["GET"]}}],"collection":[{"href":"https:\/\/www.belica.hr\/wp\/wp-json\/wp\/v2\/posts"}],"about":[{"href":"https:\/\/www.belica.hr\/wp\/wp-json\/wp\/v2\/types\/post"}],"author":[{"embeddable":true,"href":"https:\/\/www.belica.hr\/wp\/wp-json\/wp\/v2\/users\/1"}],"replies":[{"embeddable":true,"href":"https:\/\/www.belica.hr\/wp\/wp-json\/wp\/v2\/comments?post=11143"}],"version-history":[{"count":1,"href":"https:\/\/www.belica.hr\/wp\/wp-json\/wp\/v2\/posts\/11143\/revisions"}],"predecessor-version":[{"id":11146,"href":"https:\/\/www.belica.hr\/wp\/wp-json\/wp\/v2\/posts\/11143\/revisions\/11146"}],"wp:featuredmedia":[{"embeddable":true,"href":"https:\/\/www.belica.hr\/wp\/wp-json\/wp\/v2\/media\/11145"}],"wp:attachment":[{"href":"https:\/\/www.belica.hr\/wp\/wp-json\/wp\/v2\/media?parent=11143"}],"wp:term":[{"taxonomy":"category","embeddable":true,"href":"https:\/\/www.belica.hr\/wp\/wp-json\/wp\/v2\/categories?post=11143"},{"taxonomy":"post_tag","embeddable":true,"href":"https:\/\/www.belica.hr\/wp\/wp-json\/wp\/v2\/tags?post=11143"}],"curies":[{"name":"wp","href":"https:\/\/api.w.org\/{rel}","templated":true}]}}