{"id":11361,"date":"2019-03-20T09:21:56","date_gmt":"2019-03-20T08:21:56","guid":{"rendered":"http:\/\/www.belica.hr\/wp\/?p=11361"},"modified":"2020-10-21T10:09:36","modified_gmt":"2020-10-21T09:09:36","slug":"dopuna-dnevnom-redu-13-sjednice-opcinskog-vijeca-opcine-belica","status":"publish","type":"post","link":"https:\/\/www.belica.hr\/wp\/dopuna-dnevnom-redu-13-sjednice-opcinskog-vijeca-opcine-belica\/","title":{"rendered":"Dopuna Dnevnom redu 13. sjednice Op\u0107inskog vije\u0107a Op\u0107ine Belica"},"content":{"rendered":"<p><strong><em>&#8211; <\/em><\/strong><strong><em>Umjesto \u201e<\/em><\/strong><strong><em>Ostala pitanja i prijedlozi<\/em><\/strong><strong><em>\u201d to\u010dka 20. se mijenja i sada glasi: <\/em><\/strong><strong><em><a href=\"https:\/\/www.belica.hr\/wp\/wp-content\/uploads\/2019\/03\/Prijedlog-1.Rebalansa-prora\u010duna.rtf\">\u201ePrijedlog 1. Izmjena i dopuna Prora\u010duna Op\u0107ine Belica za 2019. godinu\u201c<\/a>.<\/em><\/strong><\/p>\n<p><strong><em>&#8211; Dnevnom redu dodaje se to\u010dka 21. koja glasi: \u00abOstala pitanja i prijedlozi\u00bb.<\/em><\/strong><\/p>\n","protected":false},"excerpt":{"rendered":"<p>&#8211; Umjesto \u201eOstala pitanja i prijedlozi\u201d to\u010dka 20. se mijenja i sada glasi: \u201ePrijedlog 1. Izmjena i dopuna Prora\u010duna Op\u0107ine Belica za 2019. godinu\u201c. &#8211; Dnevnom redu dodaje se to\u010dka 21. koja glasi: \u00abOstala pitanja i prijedlozi\u00bb.<\/p>\n","protected":false},"author":1,"featured_media":11107,"comment_status":"closed","ping_status":"closed","sticky":false,"template":"","format":"standard","meta":{"footnotes":""},"categories":[1649],"tags":[790,824,1252,458,67,1372,80],"class_list":["post-11361","post","type-post","status-publish","format-standard","has-post-thumbnail","hentry","category-mandat-od-2017-do-2021-godine","tag-13-sjednica","tag-dnevni-red","tag-dopuna","tag-izmjene-i-dopune","tag-proracun","tag-rebalans","tag-sjednica"],"_links":{"self":[{"href":"https:\/\/www.belica.hr\/wp\/wp-json\/wp\/v2\/posts\/11361","targetHints":{"allow":["GET"]}}],"collection":[{"href":"https:\/\/www.belica.hr\/wp\/wp-json\/wp\/v2\/posts"}],"about":[{"href":"https:\/\/www.belica.hr\/wp\/wp-json\/wp\/v2\/types\/post"}],"author":[{"embeddable":true,"href":"https:\/\/www.belica.hr\/wp\/wp-json\/wp\/v2\/users\/1"}],"replies":[{"embeddable":true,"href":"https:\/\/www.belica.hr\/wp\/wp-json\/wp\/v2\/comments?post=11361"}],"version-history":[{"count":2,"href":"https:\/\/www.belica.hr\/wp\/wp-json\/wp\/v2\/posts\/11361\/revisions"}],"predecessor-version":[{"id":11364,"href":"https:\/\/www.belica.hr\/wp\/wp-json\/wp\/v2\/posts\/11361\/revisions\/11364"}],"wp:featuredmedia":[{"embeddable":true,"href":"https:\/\/www.belica.hr\/wp\/wp-json\/wp\/v2\/media\/11107"}],"wp:attachment":[{"href":"https:\/\/www.belica.hr\/wp\/wp-json\/wp\/v2\/media?parent=11361"}],"wp:term":[{"taxonomy":"category","embeddable":true,"href":"https:\/\/www.belica.hr\/wp\/wp-json\/wp\/v2\/categories?post=11361"},{"taxonomy":"post_tag","embeddable":true,"href":"https:\/\/www.belica.hr\/wp\/wp-json\/wp\/v2\/tags?post=11361"}],"curies":[{"name":"wp","href":"https:\/\/api.w.org\/{rel}","templated":true}]}}