{"id":12124,"date":"2020-03-18T09:50:46","date_gmt":"2020-03-18T08:50:46","guid":{"rendered":"http:\/\/www.belica.hr\/wp\/?p=12124"},"modified":"2020-03-18T09:50:46","modified_gmt":"2020-03-18T08:50:46","slug":"priopcenje-za-medije-stozera-civilne-zastite-rh-od-17-ozujka-2020-godine","status":"publish","type":"post","link":"https:\/\/www.belica.hr\/wp\/priopcenje-za-medije-stozera-civilne-zastite-rh-od-17-ozujka-2020-godine\/","title":{"rendered":"Priop\u0107enje za medije Sto\u017eera civilne za\u0161tite RH  od 17. o\u017eujka 2020. godine"},"content":{"rendered":"<p><a href=\"https:\/\/civilna-zastita.gov.hr\/vijesti\/vijesti\/priopcenje-za-medije-stozera-civilne-zastite-republike-hrvatske-od-17-ozujka-2020-u-19-sati\/2264\">https:\/\/civilna-zastita.gov.hr\/vijesti\/vijesti\/priopcenje-za-medije-stozera-civilne-zastite-republike-hrvatske-od-17-ozujka-2020-u-19-sati\/2264<\/a><\/p>\n","protected":false},"excerpt":{"rendered":"<p>https:\/\/civilna-zastita.gov.hr\/vijesti\/vijesti\/priopcenje-za-medije-stozera-civilne-zastite-republike-hrvatske-od-17-ozujka-2020-u-19-sati\/2264<\/p>\n","protected":false},"author":1,"featured_media":11841,"comment_status":"closed","ping_status":"closed","sticky":false,"template":"","format":"standard","meta":{"footnotes":""},"categories":[1],"tags":[1133,1505,1506,1502,1499],"class_list":["post-12124","post","type-post","status-publish","format-standard","has-post-thumbnail","hentry","category-opcina-belica","tag-civilna-zastita","tag-covid","tag-covid19","tag-korona","tag-stozer"],"_links":{"self":[{"href":"https:\/\/www.belica.hr\/wp\/wp-json\/wp\/v2\/posts\/12124","targetHints":{"allow":["GET"]}}],"collection":[{"href":"https:\/\/www.belica.hr\/wp\/wp-json\/wp\/v2\/posts"}],"about":[{"href":"https:\/\/www.belica.hr\/wp\/wp-json\/wp\/v2\/types\/post"}],"author":[{"embeddable":true,"href":"https:\/\/www.belica.hr\/wp\/wp-json\/wp\/v2\/users\/1"}],"replies":[{"embeddable":true,"href":"https:\/\/www.belica.hr\/wp\/wp-json\/wp\/v2\/comments?post=12124"}],"version-history":[{"count":1,"href":"https:\/\/www.belica.hr\/wp\/wp-json\/wp\/v2\/posts\/12124\/revisions"}],"predecessor-version":[{"id":12125,"href":"https:\/\/www.belica.hr\/wp\/wp-json\/wp\/v2\/posts\/12124\/revisions\/12125"}],"wp:featuredmedia":[{"embeddable":true,"href":"https:\/\/www.belica.hr\/wp\/wp-json\/wp\/v2\/media\/11841"}],"wp:attachment":[{"href":"https:\/\/www.belica.hr\/wp\/wp-json\/wp\/v2\/media?parent=12124"}],"wp:term":[{"taxonomy":"category","embeddable":true,"href":"https:\/\/www.belica.hr\/wp\/wp-json\/wp\/v2\/categories?post=12124"},{"taxonomy":"post_tag","embeddable":true,"href":"https:\/\/www.belica.hr\/wp\/wp-json\/wp\/v2\/tags?post=12124"}],"curies":[{"name":"wp","href":"https:\/\/api.w.org\/{rel}","templated":true}]}}