{"id":12204,"date":"2020-03-25T07:56:51","date_gmt":"2020-03-25T06:56:51","guid":{"rendered":"http:\/\/www.belica.hr\/wp\/?p=12204"},"modified":"2020-03-25T07:56:51","modified_gmt":"2020-03-25T06:56:51","slug":"stozer-civilne-zastite-republike-hrvatske-od-24-ozujka-2020-u-17-sati","status":"publish","type":"post","link":"https:\/\/www.belica.hr\/wp\/stozer-civilne-zastite-republike-hrvatske-od-24-ozujka-2020-u-17-sati\/","title":{"rendered":"Sto\u017eer civilne za\u0161tite Republike Hrvatske od 24. o\u017eujka 2020. u 17 sati"},"content":{"rendered":"<p><a href=\"https:\/\/civilna-zastita.gov.hr\/vijesti\/vijesti\/priopcenje-za-medije-stozera-civilne-zastite-republike-hrvatske-od-24-ozujka-2020-u-17-sati\/2294\">https:\/\/civilna-zastita.gov.hr\/vijesti\/vijesti\/priopcenje-za-medije-stozera-civilne-zastite-republike-hrvatske-od-24-ozujka-2020-u-17-sati\/2294<\/a><\/p>\n","protected":false},"excerpt":{"rendered":"<p>https:\/\/civilna-zastita.gov.hr\/vijesti\/vijesti\/priopcenje-za-medije-stozera-civilne-zastite-republike-hrvatske-od-24-ozujka-2020-u-17-sati\/2294<\/p>\n","protected":false},"author":1,"featured_media":11841,"comment_status":"closed","ping_status":"closed","sticky":false,"template":"","format":"standard","meta":{"footnotes":""},"categories":[1],"tags":[],"class_list":["post-12204","post","type-post","status-publish","format-standard","has-post-thumbnail","hentry","category-opcina-belica"],"_links":{"self":[{"href":"https:\/\/www.belica.hr\/wp\/wp-json\/wp\/v2\/posts\/12204","targetHints":{"allow":["GET"]}}],"collection":[{"href":"https:\/\/www.belica.hr\/wp\/wp-json\/wp\/v2\/posts"}],"about":[{"href":"https:\/\/www.belica.hr\/wp\/wp-json\/wp\/v2\/types\/post"}],"author":[{"embeddable":true,"href":"https:\/\/www.belica.hr\/wp\/wp-json\/wp\/v2\/users\/1"}],"replies":[{"embeddable":true,"href":"https:\/\/www.belica.hr\/wp\/wp-json\/wp\/v2\/comments?post=12204"}],"version-history":[{"count":1,"href":"https:\/\/www.belica.hr\/wp\/wp-json\/wp\/v2\/posts\/12204\/revisions"}],"predecessor-version":[{"id":12205,"href":"https:\/\/www.belica.hr\/wp\/wp-json\/wp\/v2\/posts\/12204\/revisions\/12205"}],"wp:featuredmedia":[{"embeddable":true,"href":"https:\/\/www.belica.hr\/wp\/wp-json\/wp\/v2\/media\/11841"}],"wp:attachment":[{"href":"https:\/\/www.belica.hr\/wp\/wp-json\/wp\/v2\/media?parent=12204"}],"wp:term":[{"taxonomy":"category","embeddable":true,"href":"https:\/\/www.belica.hr\/wp\/wp-json\/wp\/v2\/categories?post=12204"},{"taxonomy":"post_tag","embeddable":true,"href":"https:\/\/www.belica.hr\/wp\/wp-json\/wp\/v2\/tags?post=12204"}],"curies":[{"name":"wp","href":"https:\/\/api.w.org\/{rel}","templated":true}]}}