{"id":12385,"date":"2020-05-15T09:43:20","date_gmt":"2020-05-15T08:43:20","guid":{"rendered":"http:\/\/www.belica.hr\/wp\/?p=12385"},"modified":"2020-05-15T09:43:20","modified_gmt":"2020-05-15T08:43:20","slug":"u-tijeku-su-upisi-u-djecji-vrtic-belica-za-pedagosku-godinu-2020-2021","status":"publish","type":"post","link":"https:\/\/www.belica.hr\/wp\/u-tijeku-su-upisi-u-djecji-vrtic-belica-za-pedagosku-godinu-2020-2021\/","title":{"rendered":"U tijeku su upisi u Dje\u010dji vrti\u0107 Belica za pedago\u0161ku godinu 2020.\/2021."},"content":{"rendered":"<p><a href=\"https:\/\/www.belica.hr\/wp\/wp-content\/uploads\/2020\/05\/UPIS-plakat.docx\" class=\"mtli_attachment mtli_docx\">UPIS &#8211; plakat<\/a><\/p>\n","protected":false},"excerpt":{"rendered":"<p>UPIS &#8211; plakat<\/p>\n","protected":false},"author":5,"featured_media":12387,"comment_status":"closed","ping_status":"closed","sticky":false,"template":"","format":"standard","meta":{"footnotes":""},"categories":[33],"tags":[],"class_list":["post-12385","post","type-post","status-publish","format-standard","has-post-thumbnail","hentry","category-vrtici"],"_links":{"self":[{"href":"https:\/\/www.belica.hr\/wp\/wp-json\/wp\/v2\/posts\/12385","targetHints":{"allow":["GET"]}}],"collection":[{"href":"https:\/\/www.belica.hr\/wp\/wp-json\/wp\/v2\/posts"}],"about":[{"href":"https:\/\/www.belica.hr\/wp\/wp-json\/wp\/v2\/types\/post"}],"author":[{"embeddable":true,"href":"https:\/\/www.belica.hr\/wp\/wp-json\/wp\/v2\/users\/5"}],"replies":[{"embeddable":true,"href":"https:\/\/www.belica.hr\/wp\/wp-json\/wp\/v2\/comments?post=12385"}],"version-history":[{"count":1,"href":"https:\/\/www.belica.hr\/wp\/wp-json\/wp\/v2\/posts\/12385\/revisions"}],"predecessor-version":[{"id":12388,"href":"https:\/\/www.belica.hr\/wp\/wp-json\/wp\/v2\/posts\/12385\/revisions\/12388"}],"wp:featuredmedia":[{"embeddable":true,"href":"https:\/\/www.belica.hr\/wp\/wp-json\/wp\/v2\/media\/12387"}],"wp:attachment":[{"href":"https:\/\/www.belica.hr\/wp\/wp-json\/wp\/v2\/media?parent=12385"}],"wp:term":[{"taxonomy":"category","embeddable":true,"href":"https:\/\/www.belica.hr\/wp\/wp-json\/wp\/v2\/categories?post=12385"},{"taxonomy":"post_tag","embeddable":true,"href":"https:\/\/www.belica.hr\/wp\/wp-json\/wp\/v2\/tags?post=12385"}],"curies":[{"name":"wp","href":"https:\/\/api.w.org\/{rel}","templated":true}]}}