{"id":12460,"date":"2020-07-08T09:11:33","date_gmt":"2020-07-08T08:11:33","guid":{"rendered":"http:\/\/www.belica.hr\/wp\/?p=12460"},"modified":"2020-07-08T09:11:33","modified_gmt":"2020-07-08T08:11:33","slug":"natjecaj-za-dodjelu-poticaja-za-uredenje-nekretnina-na-podrucju-opcine-belica-u-2020-godini","status":"publish","type":"post","link":"https:\/\/www.belica.hr\/wp\/natjecaj-za-dodjelu-poticaja-za-uredenje-nekretnina-na-podrucju-opcine-belica-u-2020-godini\/","title":{"rendered":"Natje\u010daj za dodjelu poticaja za ure\u0111enje nekretnina na podru\u010dju Op\u0107ine Belica u 2020. godini"},"content":{"rendered":"<p><a href=\"https:\/\/www.belica.hr\/wp\/wp-content\/uploads\/2020\/07\/20200708101727755.pdf\" class=\"mtli_attachment mtli_pdf\">NATJE\u010cAJ NEKRETNINE 2020.<\/a><\/p>\n<p><a href=\"https:\/\/www.belica.hr\/wp\/wp-content\/uploads\/2020\/07\/Izjava-podnositelja-prijave-da-ne-posjeduje-stan-ili-ku\u0107u-pogodnu-u-za-stanovanje.rtf\">Izjava-podnositelja-prijave-da-ne-posjeduje-stan-ili-ku\u0107u-pogodnu-u-za-stanovanje<\/a><\/p>\n<p><a href=\"https:\/\/www.belica.hr\/wp\/wp-content\/uploads\/2020\/07\/Prijava-na-natje\u010daj-za-dodjelu-poticaja-za-ure\u0111enje-nekretnina-u-2018.rtf\">P<\/a><a href=\"https:\/\/www.belica.hr\/wp\/wp-content\/uploads\/2020\/07\/Prijava-na-natje\u010daj-za-dodjelu-poticaja-za-ure\u0111enje-nekretnina-u-2018.rtf\">rijava-na-natje\u010daj-za-dodjelu-poticaja-za-ure\u0111enje-nekretnina-u-2018<\/a><\/p>\n","protected":false},"excerpt":{"rendered":"<p>NATJE\u010cAJ NEKRETNINE 2020. Izjava-podnositelja-prijave-da-ne-posjeduje-stan-ili-ku\u0107u-pogodnu-u-za-stanovanje Prijava-na-natje\u010daj-za-dodjelu-poticaja-za-ure\u0111enje-nekretnina-u-2018<\/p>\n","protected":false},"author":5,"featured_media":11841,"comment_status":"closed","ping_status":"closed","sticky":false,"template":"","format":"standard","meta":{"footnotes":""},"categories":[94],"tags":[],"class_list":["post-12460","post","type-post","status-publish","format-standard","has-post-thumbnail","hentry","category-javni-pozivi"],"_links":{"self":[{"href":"https:\/\/www.belica.hr\/wp\/wp-json\/wp\/v2\/posts\/12460","targetHints":{"allow":["GET"]}}],"collection":[{"href":"https:\/\/www.belica.hr\/wp\/wp-json\/wp\/v2\/posts"}],"about":[{"href":"https:\/\/www.belica.hr\/wp\/wp-json\/wp\/v2\/types\/post"}],"author":[{"embeddable":true,"href":"https:\/\/www.belica.hr\/wp\/wp-json\/wp\/v2\/users\/5"}],"replies":[{"embeddable":true,"href":"https:\/\/www.belica.hr\/wp\/wp-json\/wp\/v2\/comments?post=12460"}],"version-history":[{"count":1,"href":"https:\/\/www.belica.hr\/wp\/wp-json\/wp\/v2\/posts\/12460\/revisions"}],"predecessor-version":[{"id":12464,"href":"https:\/\/www.belica.hr\/wp\/wp-json\/wp\/v2\/posts\/12460\/revisions\/12464"}],"wp:featuredmedia":[{"embeddable":true,"href":"https:\/\/www.belica.hr\/wp\/wp-json\/wp\/v2\/media\/11841"}],"wp:attachment":[{"href":"https:\/\/www.belica.hr\/wp\/wp-json\/wp\/v2\/media?parent=12460"}],"wp:term":[{"taxonomy":"category","embeddable":true,"href":"https:\/\/www.belica.hr\/wp\/wp-json\/wp\/v2\/categories?post=12460"},{"taxonomy":"post_tag","embeddable":true,"href":"https:\/\/www.belica.hr\/wp\/wp-json\/wp\/v2\/tags?post=12460"}],"curies":[{"name":"wp","href":"https:\/\/api.w.org\/{rel}","templated":true}]}}