{"id":13170,"date":"2020-05-15T14:31:00","date_gmt":"2020-05-15T13:31:00","guid":{"rendered":"https:\/\/www.belica.hr\/wp\/?p=13170"},"modified":"2020-10-20T14:34:24","modified_gmt":"2020-10-20T13:34:24","slug":"godisnji-izvjestaj-o-izvrsenju-proracuna-za-2019-godinu","status":"publish","type":"post","link":"https:\/\/www.belica.hr\/wp\/godisnji-izvjestaj-o-izvrsenju-proracuna-za-2019-godinu\/","title":{"rendered":"GODI\u0160NJI IZVJE\u0160TAJ O IZVR\u0160ENJU PRORA\u010cUNA ZA 2019. GODINU"},"content":{"rendered":"\n<div class=\"wp-block-file\"><a href=\"https:\/\/www.belica.hr\/wp\/wp-content\/uploads\/2020\/10\/Godisnji-izvjestaj-o-izvrsenju-Proracuna-Opcine-Belica-za-2019.-godinu.rtf\">Godi\u0161nji izvje\u0161taj o izvr\u0161enju Prora\u010duna Op\u0107ine Belica za 2019. godinu<\/a><a href=\"https:\/\/www.belica.hr\/wp\/wp-content\/uploads\/2020\/10\/Godisnji-izvjestaj-o-izvrsenju-Proracuna-Opcine-Belica-za-2019.-godinu.rtf\" class=\"wp-block-file__button\" download>Preuzmi<\/a><\/div>\n","protected":false},"excerpt":{"rendered":"","protected":false},"author":5,"featured_media":0,"comment_status":"closed","ping_status":"closed","sticky":false,"template":"","format":"standard","meta":{"footnotes":""},"categories":[93],"tags":[],"class_list":["post-13170","post","type-post","status-publish","format-standard","hentry","category-proracun-opcine-belica"],"_links":{"self":[{"href":"https:\/\/www.belica.hr\/wp\/wp-json\/wp\/v2\/posts\/13170","targetHints":{"allow":["GET"]}}],"collection":[{"href":"https:\/\/www.belica.hr\/wp\/wp-json\/wp\/v2\/posts"}],"about":[{"href":"https:\/\/www.belica.hr\/wp\/wp-json\/wp\/v2\/types\/post"}],"author":[{"embeddable":true,"href":"https:\/\/www.belica.hr\/wp\/wp-json\/wp\/v2\/users\/5"}],"replies":[{"embeddable":true,"href":"https:\/\/www.belica.hr\/wp\/wp-json\/wp\/v2\/comments?post=13170"}],"version-history":[{"count":1,"href":"https:\/\/www.belica.hr\/wp\/wp-json\/wp\/v2\/posts\/13170\/revisions"}],"predecessor-version":[{"id":13172,"href":"https:\/\/www.belica.hr\/wp\/wp-json\/wp\/v2\/posts\/13170\/revisions\/13172"}],"wp:attachment":[{"href":"https:\/\/www.belica.hr\/wp\/wp-json\/wp\/v2\/media?parent=13170"}],"wp:term":[{"taxonomy":"category","embeddable":true,"href":"https:\/\/www.belica.hr\/wp\/wp-json\/wp\/v2\/categories?post=13170"},{"taxonomy":"post_tag","embeddable":true,"href":"https:\/\/www.belica.hr\/wp\/wp-json\/wp\/v2\/tags?post=13170"}],"curies":[{"name":"wp","href":"https:\/\/api.w.org\/{rel}","templated":true}]}}