{"id":13314,"date":"2020-11-27T08:27:00","date_gmt":"2020-11-27T07:27:00","guid":{"rendered":"https:\/\/www.belica.hr\/wp\/?p=13314"},"modified":"2020-12-09T08:31:39","modified_gmt":"2020-12-09T07:31:39","slug":"odrzana-je-2-sjednica-savjeta-mladih-opcine-belica","status":"publish","type":"post","link":"https:\/\/www.belica.hr\/wp\/odrzana-je-2-sjednica-savjeta-mladih-opcine-belica\/","title":{"rendered":"Odr\u017eana je 2. sjednica Savjeta mladih Op\u0107ine Belica"},"content":{"rendered":"\n<div class=\"wp-block-file\"><a href=\"https:\/\/www.belica.hr\/wp\/wp-content\/uploads\/2020\/12\/PLAN-I-PROGRAM-1.docx\" class=\"mtli_attachment mtli_docx\">1.TO\u010cKA: Program rada Savjeta mladih Op\u0107ine Belica i Financijski plan rada Savjeta mladih Op\u0107ine Belica za 2021. godinu<\/a><a href=\"https:\/\/www.belica.hr\/wp\/wp-content\/uploads\/2020\/12\/PLAN-I-PROGRAM-1.docx\" class=\"mtli_attachment mtli_docx\" class=\"wp-block-file__button\" download>Preuzmi<\/a><\/div>\n\n\n\n<div class=\"wp-block-file\"><a href=\"https:\/\/www.belica.hr\/wp\/wp-content\/uploads\/2020\/12\/ZAPISNIK.rtf\">ZAPISNIK<\/a><a href=\"https:\/\/www.belica.hr\/wp\/wp-content\/uploads\/2020\/12\/ZAPISNIK.rtf\" class=\"wp-block-file__button\" download>Preuzmi<\/a><\/div>\n","protected":false},"excerpt":{"rendered":"","protected":false},"author":5,"featured_media":13258,"comment_status":"closed","ping_status":"closed","sticky":false,"template":"","format":"standard","meta":{"footnotes":""},"categories":[595],"tags":[],"class_list":["post-13314","post","type-post","status-publish","format-standard","has-post-thumbnail","hentry","category-savjet-mladih-2"],"_links":{"self":[{"href":"https:\/\/www.belica.hr\/wp\/wp-json\/wp\/v2\/posts\/13314","targetHints":{"allow":["GET"]}}],"collection":[{"href":"https:\/\/www.belica.hr\/wp\/wp-json\/wp\/v2\/posts"}],"about":[{"href":"https:\/\/www.belica.hr\/wp\/wp-json\/wp\/v2\/types\/post"}],"author":[{"embeddable":true,"href":"https:\/\/www.belica.hr\/wp\/wp-json\/wp\/v2\/users\/5"}],"replies":[{"embeddable":true,"href":"https:\/\/www.belica.hr\/wp\/wp-json\/wp\/v2\/comments?post=13314"}],"version-history":[{"count":1,"href":"https:\/\/www.belica.hr\/wp\/wp-json\/wp\/v2\/posts\/13314\/revisions"}],"predecessor-version":[{"id":13317,"href":"https:\/\/www.belica.hr\/wp\/wp-json\/wp\/v2\/posts\/13314\/revisions\/13317"}],"wp:featuredmedia":[{"embeddable":true,"href":"https:\/\/www.belica.hr\/wp\/wp-json\/wp\/v2\/media\/13258"}],"wp:attachment":[{"href":"https:\/\/www.belica.hr\/wp\/wp-json\/wp\/v2\/media?parent=13314"}],"wp:term":[{"taxonomy":"category","embeddable":true,"href":"https:\/\/www.belica.hr\/wp\/wp-json\/wp\/v2\/categories?post=13314"},{"taxonomy":"post_tag","embeddable":true,"href":"https:\/\/www.belica.hr\/wp\/wp-json\/wp\/v2\/tags?post=13314"}],"curies":[{"name":"wp","href":"https:\/\/api.w.org\/{rel}","templated":true}]}}