{"id":14187,"date":"2021-12-22T13:56:53","date_gmt":"2021-12-22T12:56:53","guid":{"rendered":"https:\/\/www.belica.hr\/wp\/?p=14187"},"modified":"2021-12-22T13:59:05","modified_gmt":"2021-12-22T12:59:05","slug":"izvjesce-o-provedenom-javnom-savjetovanju-o-nacrtu-prijedloga-akata","status":"publish","type":"post","link":"https:\/\/www.belica.hr\/wp\/izvjesce-o-provedenom-javnom-savjetovanju-o-nacrtu-prijedloga-akata\/","title":{"rendered":"Izvje\u0161\u0107e o provedenom javnom savjetovanju o nacrtu prijedloga akata"},"content":{"rendered":"\n<p>Od 10. studenog do 10. prosinca provedeno je javno savjetovanje nacrta Odluke o na\u010dinu pru\u017eanja javne usluge sakupljanja komunalnog otpada na podru\u010dju Op\u0107ine Belica<\/p>\n\n\n\n<div class=\"wp-block-file\"><a href=\"https:\/\/www.belica.hr\/wp\/wp-content\/uploads\/2021\/12\/IZVJESCE.pdf\" class=\"mtli_attachment mtli_pdf\">IZVJESCE<\/a><a href=\"https:\/\/www.belica.hr\/wp\/wp-content\/uploads\/2021\/12\/IZVJESCE.pdf\" class=\"mtli_attachment mtli_pdf\" class=\"wp-block-file__button\" download>Preuzmi<\/a><\/div>\n","protected":false},"excerpt":{"rendered":"<p>Od 10. studenog do 10. prosinca provedeno je javno savjetovanje nacrta Odluke o na\u010dinu pru\u017eanja javne usluge sakupljanja komunalnog otpada na podru\u010dju Op\u0107ine Belica<\/p>\n","protected":false},"author":5,"featured_media":11841,"comment_status":"closed","ping_status":"closed","sticky":false,"template":"","format":"standard","meta":{"footnotes":""},"categories":[1652,698],"tags":[],"class_list":["post-14187","post","type-post","status-publish","format-standard","has-post-thumbnail","hentry","category-javna-savjetovanja","category-komunalno-gospodarstvo"],"_links":{"self":[{"href":"https:\/\/www.belica.hr\/wp\/wp-json\/wp\/v2\/posts\/14187","targetHints":{"allow":["GET"]}}],"collection":[{"href":"https:\/\/www.belica.hr\/wp\/wp-json\/wp\/v2\/posts"}],"about":[{"href":"https:\/\/www.belica.hr\/wp\/wp-json\/wp\/v2\/types\/post"}],"author":[{"embeddable":true,"href":"https:\/\/www.belica.hr\/wp\/wp-json\/wp\/v2\/users\/5"}],"replies":[{"embeddable":true,"href":"https:\/\/www.belica.hr\/wp\/wp-json\/wp\/v2\/comments?post=14187"}],"version-history":[{"count":3,"href":"https:\/\/www.belica.hr\/wp\/wp-json\/wp\/v2\/posts\/14187\/revisions"}],"predecessor-version":[{"id":14191,"href":"https:\/\/www.belica.hr\/wp\/wp-json\/wp\/v2\/posts\/14187\/revisions\/14191"}],"wp:featuredmedia":[{"embeddable":true,"href":"https:\/\/www.belica.hr\/wp\/wp-json\/wp\/v2\/media\/11841"}],"wp:attachment":[{"href":"https:\/\/www.belica.hr\/wp\/wp-json\/wp\/v2\/media?parent=14187"}],"wp:term":[{"taxonomy":"category","embeddable":true,"href":"https:\/\/www.belica.hr\/wp\/wp-json\/wp\/v2\/categories?post=14187"},{"taxonomy":"post_tag","embeddable":true,"href":"https:\/\/www.belica.hr\/wp\/wp-json\/wp\/v2\/tags?post=14187"}],"curies":[{"name":"wp","href":"https:\/\/api.w.org\/{rel}","templated":true}]}}