{"id":14997,"date":"2023-02-06T14:23:37","date_gmt":"2023-02-06T13:23:37","guid":{"rendered":"https:\/\/www.belica.hr\/wp\/?p=14997"},"modified":"2023-02-06T14:23:37","modified_gmt":"2023-02-06T13:23:37","slug":"javni-poziv-evidentiranje-nerazvrstane-ceste-radnicka-ulica-u-zemljisne-knjige-i-katastar-zemljista","status":"publish","type":"post","link":"https:\/\/www.belica.hr\/wp\/javni-poziv-evidentiranje-nerazvrstane-ceste-radnicka-ulica-u-zemljisne-knjige-i-katastar-zemljista\/","title":{"rendered":"JAVNI POZIV &#8211; EVIDENTIRANJE NERAZVRSTANE CESTE (RADNI\u010cKA ULICA) U ZEMLJI\u0160NE KNJIGE I KATASTAR ZEMLJI\u0160TA"},"content":{"rendered":"\n<div class=\"wp-block-file\"><a href=\"https:\/\/www.belica.hr\/wp\/wp-content\/uploads\/2023\/02\/javni-poziv.pdf\" class=\"mtli_attachment mtli_pdf\">javni-poziv<\/a><a href=\"https:\/\/www.belica.hr\/wp\/wp-content\/uploads\/2023\/02\/javni-poziv.pdf\" class=\"mtli_attachment mtli_pdf\" class=\"wp-block-file__button\" download>Preuzmi<\/a><\/div>\n\n\n\n<p><\/p>\n","protected":false},"excerpt":{"rendered":"","protected":false},"author":5,"featured_media":11841,"comment_status":"closed","ping_status":"closed","sticky":false,"template":"","format":"standard","meta":{"footnotes":""},"categories":[94],"tags":[],"class_list":["post-14997","post","type-post","status-publish","format-standard","has-post-thumbnail","hentry","category-javni-pozivi"],"_links":{"self":[{"href":"https:\/\/www.belica.hr\/wp\/wp-json\/wp\/v2\/posts\/14997","targetHints":{"allow":["GET"]}}],"collection":[{"href":"https:\/\/www.belica.hr\/wp\/wp-json\/wp\/v2\/posts"}],"about":[{"href":"https:\/\/www.belica.hr\/wp\/wp-json\/wp\/v2\/types\/post"}],"author":[{"embeddable":true,"href":"https:\/\/www.belica.hr\/wp\/wp-json\/wp\/v2\/users\/5"}],"replies":[{"embeddable":true,"href":"https:\/\/www.belica.hr\/wp\/wp-json\/wp\/v2\/comments?post=14997"}],"version-history":[{"count":1,"href":"https:\/\/www.belica.hr\/wp\/wp-json\/wp\/v2\/posts\/14997\/revisions"}],"predecessor-version":[{"id":14999,"href":"https:\/\/www.belica.hr\/wp\/wp-json\/wp\/v2\/posts\/14997\/revisions\/14999"}],"wp:featuredmedia":[{"embeddable":true,"href":"https:\/\/www.belica.hr\/wp\/wp-json\/wp\/v2\/media\/11841"}],"wp:attachment":[{"href":"https:\/\/www.belica.hr\/wp\/wp-json\/wp\/v2\/media?parent=14997"}],"wp:term":[{"taxonomy":"category","embeddable":true,"href":"https:\/\/www.belica.hr\/wp\/wp-json\/wp\/v2\/categories?post=14997"},{"taxonomy":"post_tag","embeddable":true,"href":"https:\/\/www.belica.hr\/wp\/wp-json\/wp\/v2\/tags?post=14997"}],"curies":[{"name":"wp","href":"https:\/\/api.w.org\/{rel}","templated":true}]}}