{"id":15216,"date":"2023-04-24T08:50:44","date_gmt":"2023-04-24T07:50:44","guid":{"rendered":"https:\/\/www.belica.hr\/wp\/?p=15216"},"modified":"2023-04-24T08:50:44","modified_gmt":"2023-04-24T07:50:44","slug":"obiljezen-je-dan-planeta-zemlje-zelenom-cistkom","status":"publish","type":"post","link":"https:\/\/www.belica.hr\/wp\/obiljezen-je-dan-planeta-zemlje-zelenom-cistkom\/","title":{"rendered":"OBILJE\u017dEN JE DAN PLANETA ZEMLJE ZELENOM \u010cISTKOM"},"content":{"rendered":"\n<p>Dan planeta Zemlje obilje\u017een je \u010di\u0161\u0107enjem podru\u010dja op\u0107ine Belica. <\/p>\n\n\n\n<p>21.4.2023. na\u0161i najmla\u0111i su sakupljali sme\u0107a u dvori\u0161tu Osnovne \u0161kole Belica te parku uz \u0161kolu.<\/p>\n\n\n\n<p>22.4.2023. su mje\u0161tani Op\u0107ine Belica ujedinili snage te sakupili sme\u0107e na javnim povr\u0161inama na\u0161e Op\u0107ine.<\/p>\n\n\n\n<figure class=\"wp-block-image size-large\"><img fetchpriority=\"high\" decoding=\"async\" width=\"1024\" height=\"768\" src=\"https:\/\/www.belica.hr\/wp\/wp-content\/uploads\/2023\/04\/DSCN5646-1024x768.jpg\" alt=\"\" class=\"wp-image-15217\" srcset=\"https:\/\/www.belica.hr\/wp\/wp-content\/uploads\/2023\/04\/DSCN5646-1024x768.jpg 1024w, https:\/\/www.belica.hr\/wp\/wp-content\/uploads\/2023\/04\/DSCN5646-300x225.jpg 300w, https:\/\/www.belica.hr\/wp\/wp-content\/uploads\/2023\/04\/DSCN5646-768x576.jpg 768w, https:\/\/www.belica.hr\/wp\/wp-content\/uploads\/2023\/04\/DSCN5646-24x18.jpg 24w, https:\/\/www.belica.hr\/wp\/wp-content\/uploads\/2023\/04\/DSCN5646-36x27.jpg 36w, https:\/\/www.belica.hr\/wp\/wp-content\/uploads\/2023\/04\/DSCN5646-48x36.jpg 48w, https:\/\/www.belica.hr\/wp\/wp-content\/uploads\/2023\/04\/DSCN5646.jpg 1048w\" sizes=\"(max-width: 1024px) 100vw, 1024px\" \/><\/figure>\n\n\n\n<figure class=\"wp-block-image size-large\"><img decoding=\"async\" width=\"1024\" height=\"768\" src=\"https:\/\/www.belica.hr\/wp\/wp-content\/uploads\/2023\/04\/DSCN5650-1024x768.jpg\" alt=\"\" class=\"wp-image-15218\" srcset=\"https:\/\/www.belica.hr\/wp\/wp-content\/uploads\/2023\/04\/DSCN5650-1024x768.jpg 1024w, https:\/\/www.belica.hr\/wp\/wp-content\/uploads\/2023\/04\/DSCN5650-300x225.jpg 300w, https:\/\/www.belica.hr\/wp\/wp-content\/uploads\/2023\/04\/DSCN5650-768x576.jpg 768w, https:\/\/www.belica.hr\/wp\/wp-content\/uploads\/2023\/04\/DSCN5650-24x18.jpg 24w, https:\/\/www.belica.hr\/wp\/wp-content\/uploads\/2023\/04\/DSCN5650-36x27.jpg 36w, https:\/\/www.belica.hr\/wp\/wp-content\/uploads\/2023\/04\/DSCN5650-48x36.jpg 48w, https:\/\/www.belica.hr\/wp\/wp-content\/uploads\/2023\/04\/DSCN5650.jpg 1048w\" sizes=\"(max-width: 1024px) 100vw, 1024px\" \/><\/figure>\n\n\n\n<figure class=\"wp-block-image size-large\"><img decoding=\"async\" width=\"1024\" height=\"768\" src=\"https:\/\/www.belica.hr\/wp\/wp-content\/uploads\/2023\/04\/DSCN5652-1024x768.jpg\" alt=\"\" class=\"wp-image-15219\" srcset=\"https:\/\/www.belica.hr\/wp\/wp-content\/uploads\/2023\/04\/DSCN5652-1024x768.jpg 1024w, https:\/\/www.belica.hr\/wp\/wp-content\/uploads\/2023\/04\/DSCN5652-300x225.jpg 300w, https:\/\/www.belica.hr\/wp\/wp-content\/uploads\/2023\/04\/DSCN5652-768x576.jpg 768w, https:\/\/www.belica.hr\/wp\/wp-content\/uploads\/2023\/04\/DSCN5652-24x18.jpg 24w, https:\/\/www.belica.hr\/wp\/wp-content\/uploads\/2023\/04\/DSCN5652-36x27.jpg 36w, https:\/\/www.belica.hr\/wp\/wp-content\/uploads\/2023\/04\/DSCN5652-48x36.jpg 48w, https:\/\/www.belica.hr\/wp\/wp-content\/uploads\/2023\/04\/DSCN5652.jpg 1048w\" sizes=\"(max-width: 1024px) 100vw, 1024px\" \/><\/figure>\n\n\n\n<figure class=\"wp-block-image size-large\"><img loading=\"lazy\" decoding=\"async\" width=\"1024\" height=\"768\" src=\"https:\/\/www.belica.hr\/wp\/wp-content\/uploads\/2023\/04\/DSCN5664-1024x768.jpg\" alt=\"\" class=\"wp-image-15220\" srcset=\"https:\/\/www.belica.hr\/wp\/wp-content\/uploads\/2023\/04\/DSCN5664-1024x768.jpg 1024w, https:\/\/www.belica.hr\/wp\/wp-content\/uploads\/2023\/04\/DSCN5664-300x225.jpg 300w, https:\/\/www.belica.hr\/wp\/wp-content\/uploads\/2023\/04\/DSCN5664-768x576.jpg 768w, https:\/\/www.belica.hr\/wp\/wp-content\/uploads\/2023\/04\/DSCN5664-24x18.jpg 24w, https:\/\/www.belica.hr\/wp\/wp-content\/uploads\/2023\/04\/DSCN5664-36x27.jpg 36w, https:\/\/www.belica.hr\/wp\/wp-content\/uploads\/2023\/04\/DSCN5664-48x36.jpg 48w, https:\/\/www.belica.hr\/wp\/wp-content\/uploads\/2023\/04\/DSCN5664.jpg 1048w\" sizes=\"(max-width: 1024px) 100vw, 1024px\" \/><\/figure>\n\n\n\n<figure class=\"wp-block-image size-large\"><img loading=\"lazy\" decoding=\"async\" width=\"1024\" height=\"768\" src=\"https:\/\/www.belica.hr\/wp\/wp-content\/uploads\/2023\/04\/DSCN5668-1024x768.jpg\" alt=\"\" class=\"wp-image-15221\" srcset=\"https:\/\/www.belica.hr\/wp\/wp-content\/uploads\/2023\/04\/DSCN5668-1024x768.jpg 1024w, https:\/\/www.belica.hr\/wp\/wp-content\/uploads\/2023\/04\/DSCN5668-300x225.jpg 300w, https:\/\/www.belica.hr\/wp\/wp-content\/uploads\/2023\/04\/DSCN5668-768x576.jpg 768w, https:\/\/www.belica.hr\/wp\/wp-content\/uploads\/2023\/04\/DSCN5668-24x18.jpg 24w, https:\/\/www.belica.hr\/wp\/wp-content\/uploads\/2023\/04\/DSCN5668-36x27.jpg 36w, https:\/\/www.belica.hr\/wp\/wp-content\/uploads\/2023\/04\/DSCN5668-48x36.jpg 48w, https:\/\/www.belica.hr\/wp\/wp-content\/uploads\/2023\/04\/DSCN5668.jpg 1048w\" sizes=\"(max-width: 1024px) 100vw, 1024px\" \/><\/figure>\n\n\n\n<figure class=\"wp-block-image size-large\"><img loading=\"lazy\" decoding=\"async\" width=\"1024\" height=\"768\" src=\"https:\/\/www.belica.hr\/wp\/wp-content\/uploads\/2023\/04\/DSCN5672-1024x768.jpg\" alt=\"\" class=\"wp-image-15222\" srcset=\"https:\/\/www.belica.hr\/wp\/wp-content\/uploads\/2023\/04\/DSCN5672-1024x768.jpg 1024w, https:\/\/www.belica.hr\/wp\/wp-content\/uploads\/2023\/04\/DSCN5672-300x225.jpg 300w, https:\/\/www.belica.hr\/wp\/wp-content\/uploads\/2023\/04\/DSCN5672-768x576.jpg 768w, https:\/\/www.belica.hr\/wp\/wp-content\/uploads\/2023\/04\/DSCN5672-24x18.jpg 24w, https:\/\/www.belica.hr\/wp\/wp-content\/uploads\/2023\/04\/DSCN5672-36x27.jpg 36w, https:\/\/www.belica.hr\/wp\/wp-content\/uploads\/2023\/04\/DSCN5672-48x36.jpg 48w, https:\/\/www.belica.hr\/wp\/wp-content\/uploads\/2023\/04\/DSCN5672.jpg 1048w\" sizes=\"(max-width: 1024px) 100vw, 1024px\" \/><\/figure>\n\n\n\n<figure class=\"wp-block-image size-large\"><img loading=\"lazy\" decoding=\"async\" width=\"1024\" height=\"768\" src=\"https:\/\/www.belica.hr\/wp\/wp-content\/uploads\/2023\/04\/DSCN5675-1024x768.jpg\" alt=\"\" class=\"wp-image-15223\" srcset=\"https:\/\/www.belica.hr\/wp\/wp-content\/uploads\/2023\/04\/DSCN5675-1024x768.jpg 1024w, https:\/\/www.belica.hr\/wp\/wp-content\/uploads\/2023\/04\/DSCN5675-300x225.jpg 300w, https:\/\/www.belica.hr\/wp\/wp-content\/uploads\/2023\/04\/DSCN5675-768x576.jpg 768w, https:\/\/www.belica.hr\/wp\/wp-content\/uploads\/2023\/04\/DSCN5675-24x18.jpg 24w, https:\/\/www.belica.hr\/wp\/wp-content\/uploads\/2023\/04\/DSCN5675-36x27.jpg 36w, https:\/\/www.belica.hr\/wp\/wp-content\/uploads\/2023\/04\/DSCN5675-48x36.jpg 48w, https:\/\/www.belica.hr\/wp\/wp-content\/uploads\/2023\/04\/DSCN5675.jpg 1048w\" sizes=\"(max-width: 1024px) 100vw, 1024px\" \/><\/figure>\n\n\n\n<figure class=\"wp-block-image size-large\"><img loading=\"lazy\" decoding=\"async\" width=\"1024\" height=\"768\" src=\"https:\/\/www.belica.hr\/wp\/wp-content\/uploads\/2023\/04\/DSCN5677-1024x768.jpg\" alt=\"\" class=\"wp-image-15224\" srcset=\"https:\/\/www.belica.hr\/wp\/wp-content\/uploads\/2023\/04\/DSCN5677-1024x768.jpg 1024w, https:\/\/www.belica.hr\/wp\/wp-content\/uploads\/2023\/04\/DSCN5677-300x225.jpg 300w, https:\/\/www.belica.hr\/wp\/wp-content\/uploads\/2023\/04\/DSCN5677-768x576.jpg 768w, https:\/\/www.belica.hr\/wp\/wp-content\/uploads\/2023\/04\/DSCN5677-24x18.jpg 24w, https:\/\/www.belica.hr\/wp\/wp-content\/uploads\/2023\/04\/DSCN5677-36x27.jpg 36w, https:\/\/www.belica.hr\/wp\/wp-content\/uploads\/2023\/04\/DSCN5677-48x36.jpg 48w, https:\/\/www.belica.hr\/wp\/wp-content\/uploads\/2023\/04\/DSCN5677.jpg 1048w\" sizes=\"(max-width: 1024px) 100vw, 1024px\" \/><\/figure>\n","protected":false},"excerpt":{"rendered":"<p>Dan planeta Zemlje obilje\u017een je \u010di\u0161\u0107enjem podru\u010dja op\u0107ine Belica. 21.4.2023. na\u0161i najmla\u0111i su sakupljali sme\u0107a u dvori\u0161tu Osnovne \u0161kole Belica te parku uz \u0161kolu. 22.4.2023. su mje\u0161tani Op\u0107ine Belica ujedinili snage te sakupili sme\u0107e na javnim povr\u0161inama na\u0161e Op\u0107ine.<\/p>\n","protected":false},"author":5,"featured_media":11841,"comment_status":"closed","ping_status":"closed","sticky":false,"template":"","format":"standard","meta":{"footnotes":""},"categories":[26,1],"tags":[],"class_list":["post-15216","post","type-post","status-publish","format-standard","has-post-thumbnail","hentry","category-dokumenti","category-opcina-belica"],"_links":{"self":[{"href":"https:\/\/www.belica.hr\/wp\/wp-json\/wp\/v2\/posts\/15216","targetHints":{"allow":["GET"]}}],"collection":[{"href":"https:\/\/www.belica.hr\/wp\/wp-json\/wp\/v2\/posts"}],"about":[{"href":"https:\/\/www.belica.hr\/wp\/wp-json\/wp\/v2\/types\/post"}],"author":[{"embeddable":true,"href":"https:\/\/www.belica.hr\/wp\/wp-json\/wp\/v2\/users\/5"}],"replies":[{"embeddable":true,"href":"https:\/\/www.belica.hr\/wp\/wp-json\/wp\/v2\/comments?post=15216"}],"version-history":[{"count":1,"href":"https:\/\/www.belica.hr\/wp\/wp-json\/wp\/v2\/posts\/15216\/revisions"}],"predecessor-version":[{"id":15225,"href":"https:\/\/www.belica.hr\/wp\/wp-json\/wp\/v2\/posts\/15216\/revisions\/15225"}],"wp:featuredmedia":[{"embeddable":true,"href":"https:\/\/www.belica.hr\/wp\/wp-json\/wp\/v2\/media\/11841"}],"wp:attachment":[{"href":"https:\/\/www.belica.hr\/wp\/wp-json\/wp\/v2\/media?parent=15216"}],"wp:term":[{"taxonomy":"category","embeddable":true,"href":"https:\/\/www.belica.hr\/wp\/wp-json\/wp\/v2\/categories?post=15216"},{"taxonomy":"post_tag","embeddable":true,"href":"https:\/\/www.belica.hr\/wp\/wp-json\/wp\/v2\/tags?post=15216"}],"curies":[{"name":"wp","href":"https:\/\/api.w.org\/{rel}","templated":true}]}}