{"id":15347,"date":"2023-06-23T10:16:00","date_gmt":"2023-06-23T09:16:00","guid":{"rendered":"https:\/\/www.belica.hr\/wp\/?p=15347"},"modified":"2023-06-30T10:20:09","modified_gmt":"2023-06-30T09:20:09","slug":"obljetnica-40-godina-kud-a-belica","status":"publish","type":"post","link":"https:\/\/www.belica.hr\/wp\/obljetnica-40-godina-kud-a-belica\/","title":{"rendered":"OBLJETNICA &#8211; 40 GODINA KUD-a BELICA"},"content":{"rendered":"\n<p>Kulturno umjetni\u010dko dru\u0161tvo Belica osnovala je 2.o\u017eujka 1983. godine te ove godine obilje\u017eava obljetnicu \u2013 40 godina neprekidnog rada.<\/p>\n\n\n\n<p>Zahvaljuju\u0107i svojim vrijednim \u010dlanovima, dru\u0161tvo nije posustalo u svom radu, ve\u0107 je proslavilo mnoge uspjehe, ali se isto tako uspje\u0161no nosilo i s brojnim izazovima. Danas KUD Belica broji 70-ak \u010dlanova koji svoje slobodno vrijeme posve\u0107uju osnovnom cilju \u2013 o\u010duvanju narodnih izri\u010daja svojeg kraja te promicanju Me\u0111imurske ba\u0161tine \u0161irom regije. KUD djeluje u tambura\u0161koj, folklornoj i dramskoj sekciji.<\/p>\n\n\n\n<p>Obilje\u017eavanjem 40 godina, Kulturno umjetni\u010dko dru\u0161tvo Belica je za svoje su sumje\u0161tane pripremilo prekrasnu priredbu.&nbsp; Prvi su na pozornicu stupili tambura\u0161i i Patricija Jura\u010di\u0107 koja je otpjevala pjesmu Kalamper, nakon \u010dega je uslijedila zajedni\u010dka pjesma svih \u010dlanova.<\/p>\n\n\n\n<p>Folklorni sastav je su uz pratnju tambura\u0161kog sastava izveo splet pjesama i plesova izvornog i koreografiranog folklora. Tambura\u0161i su publiku odu\u0161evili skladbom kojom \u0107e se ove godine predstaviti na dr\u017eavnom natjecanju, a svojim vokalnim sposobnostima jo\u0161 jednom su odu\u0161evili Karlo \u010ceh i Patricija Jura\u010di\u0107, nastupila je i dramska sekcija koja je odigrala predstavu \u201eGustuvaje\u201c.<\/p>\n\n\n\n<p>KUD Belica u svojih 40 godina djelovanja bilje\u017ee mnogobrojne nastupe diljem Hrvatske, ali i inozemstva na kojima izvode me\u0111imurske plesove te plesove iz ostalih dijelova Hrvatske, Folklorna sekcija nastupila je u \u010detiri serijala \u201eLijepom na\u0161om\u201c te su redoviti sudionici \u017eupanijskih i dr\u017eavnih smotri na kojima posti\u017eu zapa\u017eene rezultate. Ove godine su na \u017dupanijskog smotri izvornog folklora dobili pohvale stru\u010dnog \u017eirija kao najkompletniji sastav te \u0107e u kolovozu predstavljati Me\u0111imursku \u017eupaniju na Dr\u017eavnoj smotri izvornog folklora.<\/p>\n\n\n\n<p>Tambura\u0161ki sastav koji djeluje u sklopu KUD-a, tako\u0111er su osvaja\u010di brojnih nagrada \u2013 tako se mogu pohvaliti s 2 srebrne i 2 zlatne plakete s Me\u0111unarodnog festivala tambura\u0161ke glazbe, a jedini su sudionici svih do sada odr\u017eanih \u017eupanijskih smotri tambura\u0161kih orkestara i sastava u Ma\u010dkovcu. Najvi\u0161e \u017eupanijsko priznanje \u2013 nagradu \u201eZrinski\u201c za promicanje kulturne ba\u0161tine Me\u0111imurja primili su 2019. godine.<\/p>\n\n\n\n<figure class=\"wp-block-gallery columns-3 is-cropped wp-block-gallery-1 is-layout-flex wp-block-gallery-is-layout-flex\"><ul class=\"blocks-gallery-grid\"><li class=\"blocks-gallery-item\"><figure><img fetchpriority=\"high\" decoding=\"async\" width=\"1024\" height=\"683\" src=\"https:\/\/www.belica.hr\/wp\/wp-content\/uploads\/2023\/06\/IMG_8186_websize-1024x683.jpg\" alt=\"\" data-id=\"15348\" data-full-url=\"https:\/\/www.belica.hr\/wp\/wp-content\/uploads\/2023\/06\/IMG_8186_websize.jpg\" data-link=\"https:\/\/www.belica.hr\/wp\/?attachment_id=15348\" class=\"wp-image-15348\" srcset=\"https:\/\/www.belica.hr\/wp\/wp-content\/uploads\/2023\/06\/IMG_8186_websize-1024x683.jpg 1024w, https:\/\/www.belica.hr\/wp\/wp-content\/uploads\/2023\/06\/IMG_8186_websize-300x200.jpg 300w, https:\/\/www.belica.hr\/wp\/wp-content\/uploads\/2023\/06\/IMG_8186_websize-768x512.jpg 768w, https:\/\/www.belica.hr\/wp\/wp-content\/uploads\/2023\/06\/IMG_8186_websize-24x16.jpg 24w, https:\/\/www.belica.hr\/wp\/wp-content\/uploads\/2023\/06\/IMG_8186_websize-36x24.jpg 36w, https:\/\/www.belica.hr\/wp\/wp-content\/uploads\/2023\/06\/IMG_8186_websize-48x32.jpg 48w, https:\/\/www.belica.hr\/wp\/wp-content\/uploads\/2023\/06\/IMG_8186_websize.jpg 1048w\" sizes=\"(max-width: 1024px) 100vw, 1024px\" \/><\/figure><\/li><li class=\"blocks-gallery-item\"><figure><img decoding=\"async\" width=\"1024\" height=\"683\" src=\"https:\/\/www.belica.hr\/wp\/wp-content\/uploads\/2023\/06\/IMG_8244_websize-1024x683.jpg\" alt=\"\" data-id=\"15349\" data-full-url=\"https:\/\/www.belica.hr\/wp\/wp-content\/uploads\/2023\/06\/IMG_8244_websize.jpg\" data-link=\"https:\/\/www.belica.hr\/wp\/?attachment_id=15349\" class=\"wp-image-15349\" srcset=\"https:\/\/www.belica.hr\/wp\/wp-content\/uploads\/2023\/06\/IMG_8244_websize-1024x683.jpg 1024w, https:\/\/www.belica.hr\/wp\/wp-content\/uploads\/2023\/06\/IMG_8244_websize-300x200.jpg 300w, https:\/\/www.belica.hr\/wp\/wp-content\/uploads\/2023\/06\/IMG_8244_websize-768x512.jpg 768w, https:\/\/www.belica.hr\/wp\/wp-content\/uploads\/2023\/06\/IMG_8244_websize-24x16.jpg 24w, https:\/\/www.belica.hr\/wp\/wp-content\/uploads\/2023\/06\/IMG_8244_websize-36x24.jpg 36w, https:\/\/www.belica.hr\/wp\/wp-content\/uploads\/2023\/06\/IMG_8244_websize-48x32.jpg 48w, https:\/\/www.belica.hr\/wp\/wp-content\/uploads\/2023\/06\/IMG_8244_websize.jpg 1048w\" sizes=\"(max-width: 1024px) 100vw, 1024px\" \/><\/figure><\/li><li class=\"blocks-gallery-item\"><figure><img decoding=\"async\" width=\"1024\" height=\"683\" src=\"https:\/\/www.belica.hr\/wp\/wp-content\/uploads\/2023\/06\/IMG_9606_websize-1024x683.jpg\" alt=\"\" data-id=\"15350\" data-full-url=\"https:\/\/www.belica.hr\/wp\/wp-content\/uploads\/2023\/06\/IMG_9606_websize.jpg\" data-link=\"https:\/\/www.belica.hr\/wp\/?attachment_id=15350\" class=\"wp-image-15350\" srcset=\"https:\/\/www.belica.hr\/wp\/wp-content\/uploads\/2023\/06\/IMG_9606_websize-1024x683.jpg 1024w, https:\/\/www.belica.hr\/wp\/wp-content\/uploads\/2023\/06\/IMG_9606_websize-300x200.jpg 300w, https:\/\/www.belica.hr\/wp\/wp-content\/uploads\/2023\/06\/IMG_9606_websize-768x512.jpg 768w, https:\/\/www.belica.hr\/wp\/wp-content\/uploads\/2023\/06\/IMG_9606_websize-24x16.jpg 24w, https:\/\/www.belica.hr\/wp\/wp-content\/uploads\/2023\/06\/IMG_9606_websize-36x24.jpg 36w, https:\/\/www.belica.hr\/wp\/wp-content\/uploads\/2023\/06\/IMG_9606_websize-48x32.jpg 48w, https:\/\/www.belica.hr\/wp\/wp-content\/uploads\/2023\/06\/IMG_9606_websize.jpg 1048w\" sizes=\"(max-width: 1024px) 100vw, 1024px\" \/><\/figure><\/li><li class=\"blocks-gallery-item\"><figure><img loading=\"lazy\" decoding=\"async\" width=\"683\" height=\"1024\" src=\"https:\/\/www.belica.hr\/wp\/wp-content\/uploads\/2023\/06\/IMG_9622_websize-683x1024.jpg\" alt=\"\" data-id=\"15351\" data-full-url=\"https:\/\/www.belica.hr\/wp\/wp-content\/uploads\/2023\/06\/IMG_9622_websize.jpg\" data-link=\"https:\/\/www.belica.hr\/wp\/?attachment_id=15351\" class=\"wp-image-15351\" srcset=\"https:\/\/www.belica.hr\/wp\/wp-content\/uploads\/2023\/06\/IMG_9622_websize-683x1024.jpg 683w, https:\/\/www.belica.hr\/wp\/wp-content\/uploads\/2023\/06\/IMG_9622_websize-200x300.jpg 200w, https:\/\/www.belica.hr\/wp\/wp-content\/uploads\/2023\/06\/IMG_9622_websize-16x24.jpg 16w, https:\/\/www.belica.hr\/wp\/wp-content\/uploads\/2023\/06\/IMG_9622_websize-24x36.jpg 24w, https:\/\/www.belica.hr\/wp\/wp-content\/uploads\/2023\/06\/IMG_9622_websize-32x48.jpg 32w, https:\/\/www.belica.hr\/wp\/wp-content\/uploads\/2023\/06\/IMG_9622_websize.jpg 699w\" sizes=\"(max-width: 683px) 100vw, 683px\" \/><\/figure><\/li><li class=\"blocks-gallery-item\"><figure><img loading=\"lazy\" decoding=\"async\" width=\"1024\" height=\"683\" src=\"https:\/\/www.belica.hr\/wp\/wp-content\/uploads\/2023\/06\/IMG_9667_websize-1024x683.jpg\" alt=\"\" data-id=\"15352\" data-full-url=\"https:\/\/www.belica.hr\/wp\/wp-content\/uploads\/2023\/06\/IMG_9667_websize.jpg\" data-link=\"https:\/\/www.belica.hr\/wp\/?attachment_id=15352\" class=\"wp-image-15352\" srcset=\"https:\/\/www.belica.hr\/wp\/wp-content\/uploads\/2023\/06\/IMG_9667_websize-1024x683.jpg 1024w, https:\/\/www.belica.hr\/wp\/wp-content\/uploads\/2023\/06\/IMG_9667_websize-300x200.jpg 300w, https:\/\/www.belica.hr\/wp\/wp-content\/uploads\/2023\/06\/IMG_9667_websize-768x512.jpg 768w, https:\/\/www.belica.hr\/wp\/wp-content\/uploads\/2023\/06\/IMG_9667_websize-24x16.jpg 24w, https:\/\/www.belica.hr\/wp\/wp-content\/uploads\/2023\/06\/IMG_9667_websize-36x24.jpg 36w, https:\/\/www.belica.hr\/wp\/wp-content\/uploads\/2023\/06\/IMG_9667_websize-48x32.jpg 48w, https:\/\/www.belica.hr\/wp\/wp-content\/uploads\/2023\/06\/IMG_9667_websize.jpg 1048w\" sizes=\"(max-width: 1024px) 100vw, 1024px\" \/><\/figure><\/li><li class=\"blocks-gallery-item\"><figure><img loading=\"lazy\" decoding=\"async\" width=\"1024\" height=\"683\" src=\"https:\/\/www.belica.hr\/wp\/wp-content\/uploads\/2023\/06\/IMG_9691_websize-1024x683.jpg\" alt=\"\" data-id=\"15353\" data-full-url=\"https:\/\/www.belica.hr\/wp\/wp-content\/uploads\/2023\/06\/IMG_9691_websize.jpg\" data-link=\"https:\/\/www.belica.hr\/wp\/?attachment_id=15353\" class=\"wp-image-15353\" srcset=\"https:\/\/www.belica.hr\/wp\/wp-content\/uploads\/2023\/06\/IMG_9691_websize-1024x683.jpg 1024w, https:\/\/www.belica.hr\/wp\/wp-content\/uploads\/2023\/06\/IMG_9691_websize-300x200.jpg 300w, https:\/\/www.belica.hr\/wp\/wp-content\/uploads\/2023\/06\/IMG_9691_websize-768x512.jpg 768w, https:\/\/www.belica.hr\/wp\/wp-content\/uploads\/2023\/06\/IMG_9691_websize-24x16.jpg 24w, https:\/\/www.belica.hr\/wp\/wp-content\/uploads\/2023\/06\/IMG_9691_websize-36x24.jpg 36w, https:\/\/www.belica.hr\/wp\/wp-content\/uploads\/2023\/06\/IMG_9691_websize-48x32.jpg 48w, https:\/\/www.belica.hr\/wp\/wp-content\/uploads\/2023\/06\/IMG_9691_websize.jpg 1048w\" sizes=\"(max-width: 1024px) 100vw, 1024px\" \/><\/figure><\/li><li class=\"blocks-gallery-item\"><figure><img loading=\"lazy\" decoding=\"async\" width=\"1024\" height=\"683\" src=\"https:\/\/www.belica.hr\/wp\/wp-content\/uploads\/2023\/06\/IMG_9694_websize-1024x683.jpg\" alt=\"\" data-id=\"15354\" data-full-url=\"https:\/\/www.belica.hr\/wp\/wp-content\/uploads\/2023\/06\/IMG_9694_websize.jpg\" data-link=\"https:\/\/www.belica.hr\/wp\/?attachment_id=15354\" class=\"wp-image-15354\" srcset=\"https:\/\/www.belica.hr\/wp\/wp-content\/uploads\/2023\/06\/IMG_9694_websize-1024x683.jpg 1024w, https:\/\/www.belica.hr\/wp\/wp-content\/uploads\/2023\/06\/IMG_9694_websize-300x200.jpg 300w, https:\/\/www.belica.hr\/wp\/wp-content\/uploads\/2023\/06\/IMG_9694_websize-768x512.jpg 768w, https:\/\/www.belica.hr\/wp\/wp-content\/uploads\/2023\/06\/IMG_9694_websize-24x16.jpg 24w, https:\/\/www.belica.hr\/wp\/wp-content\/uploads\/2023\/06\/IMG_9694_websize-36x24.jpg 36w, https:\/\/www.belica.hr\/wp\/wp-content\/uploads\/2023\/06\/IMG_9694_websize-48x32.jpg 48w, https:\/\/www.belica.hr\/wp\/wp-content\/uploads\/2023\/06\/IMG_9694_websize.jpg 1048w\" sizes=\"(max-width: 1024px) 100vw, 1024px\" \/><\/figure><\/li><li class=\"blocks-gallery-item\"><figure><img loading=\"lazy\" decoding=\"async\" width=\"1024\" height=\"683\" src=\"https:\/\/www.belica.hr\/wp\/wp-content\/uploads\/2023\/06\/IMG_9730_websize-1024x683.jpg\" alt=\"\" data-id=\"15355\" data-full-url=\"https:\/\/www.belica.hr\/wp\/wp-content\/uploads\/2023\/06\/IMG_9730_websize.jpg\" data-link=\"https:\/\/www.belica.hr\/wp\/?attachment_id=15355\" class=\"wp-image-15355\" srcset=\"https:\/\/www.belica.hr\/wp\/wp-content\/uploads\/2023\/06\/IMG_9730_websize-1024x683.jpg 1024w, https:\/\/www.belica.hr\/wp\/wp-content\/uploads\/2023\/06\/IMG_9730_websize-300x200.jpg 300w, https:\/\/www.belica.hr\/wp\/wp-content\/uploads\/2023\/06\/IMG_9730_websize-768x512.jpg 768w, https:\/\/www.belica.hr\/wp\/wp-content\/uploads\/2023\/06\/IMG_9730_websize-24x16.jpg 24w, https:\/\/www.belica.hr\/wp\/wp-content\/uploads\/2023\/06\/IMG_9730_websize-36x24.jpg 36w, https:\/\/www.belica.hr\/wp\/wp-content\/uploads\/2023\/06\/IMG_9730_websize-48x32.jpg 48w, https:\/\/www.belica.hr\/wp\/wp-content\/uploads\/2023\/06\/IMG_9730_websize.jpg 1048w\" sizes=\"(max-width: 1024px) 100vw, 1024px\" \/><\/figure><\/li><li class=\"blocks-gallery-item\"><figure><img loading=\"lazy\" decoding=\"async\" width=\"1024\" height=\"683\" src=\"https:\/\/www.belica.hr\/wp\/wp-content\/uploads\/2023\/06\/IMG_9733_websize-1024x683.jpg\" alt=\"\" data-id=\"15356\" data-full-url=\"https:\/\/www.belica.hr\/wp\/wp-content\/uploads\/2023\/06\/IMG_9733_websize.jpg\" data-link=\"https:\/\/www.belica.hr\/wp\/?attachment_id=15356\" class=\"wp-image-15356\" srcset=\"https:\/\/www.belica.hr\/wp\/wp-content\/uploads\/2023\/06\/IMG_9733_websize-1024x683.jpg 1024w, https:\/\/www.belica.hr\/wp\/wp-content\/uploads\/2023\/06\/IMG_9733_websize-300x200.jpg 300w, https:\/\/www.belica.hr\/wp\/wp-content\/uploads\/2023\/06\/IMG_9733_websize-768x512.jpg 768w, https:\/\/www.belica.hr\/wp\/wp-content\/uploads\/2023\/06\/IMG_9733_websize-24x16.jpg 24w, https:\/\/www.belica.hr\/wp\/wp-content\/uploads\/2023\/06\/IMG_9733_websize-36x24.jpg 36w, https:\/\/www.belica.hr\/wp\/wp-content\/uploads\/2023\/06\/IMG_9733_websize-48x32.jpg 48w, https:\/\/www.belica.hr\/wp\/wp-content\/uploads\/2023\/06\/IMG_9733_websize.jpg 1048w\" sizes=\"(max-width: 1024px) 100vw, 1024px\" \/><\/figure><\/li><\/ul><\/figure>\n","protected":false},"excerpt":{"rendered":"<p>Kulturno umjetni\u010dko dru\u0161tvo Belica osnovala je 2.o\u017eujka 1983. godine te ove godine obilje\u017eava obljetnicu \u2013 40 godina neprekidnog rada. Zahvaljuju\u0107i svojim vrijednim \u010dlanovima, dru\u0161tvo nije posustalo u svom radu, ve\u0107 je proslavilo mnoge uspjehe, ali se isto tako uspje\u0161no nosilo i s brojnim izazovima. Danas KUD Belica broji 70-ak \u010dlanova koji svoje slobodno vrijeme posve\u0107uju [&hellip;]<\/p>\n","protected":false},"author":5,"featured_media":15348,"comment_status":"closed","ping_status":"closed","sticky":false,"template":"","format":"standard","meta":{"footnotes":""},"categories":[317],"tags":[],"class_list":["post-15347","post","type-post","status-publish","format-standard","has-post-thumbnail","hentry","category-kulturno-umjetnicko-drustvo-belica"],"_links":{"self":[{"href":"https:\/\/www.belica.hr\/wp\/wp-json\/wp\/v2\/posts\/15347","targetHints":{"allow":["GET"]}}],"collection":[{"href":"https:\/\/www.belica.hr\/wp\/wp-json\/wp\/v2\/posts"}],"about":[{"href":"https:\/\/www.belica.hr\/wp\/wp-json\/wp\/v2\/types\/post"}],"author":[{"embeddable":true,"href":"https:\/\/www.belica.hr\/wp\/wp-json\/wp\/v2\/users\/5"}],"replies":[{"embeddable":true,"href":"https:\/\/www.belica.hr\/wp\/wp-json\/wp\/v2\/comments?post=15347"}],"version-history":[{"count":1,"href":"https:\/\/www.belica.hr\/wp\/wp-json\/wp\/v2\/posts\/15347\/revisions"}],"predecessor-version":[{"id":15357,"href":"https:\/\/www.belica.hr\/wp\/wp-json\/wp\/v2\/posts\/15347\/revisions\/15357"}],"wp:featuredmedia":[{"embeddable":true,"href":"https:\/\/www.belica.hr\/wp\/wp-json\/wp\/v2\/media\/15348"}],"wp:attachment":[{"href":"https:\/\/www.belica.hr\/wp\/wp-json\/wp\/v2\/media?parent=15347"}],"wp:term":[{"taxonomy":"category","embeddable":true,"href":"https:\/\/www.belica.hr\/wp\/wp-json\/wp\/v2\/categories?post=15347"},{"taxonomy":"post_tag","embeddable":true,"href":"https:\/\/www.belica.hr\/wp\/wp-json\/wp\/v2\/tags?post=15347"}],"curies":[{"name":"wp","href":"https:\/\/api.w.org\/{rel}","templated":true}]}}