{"id":15590,"date":"2023-11-10T11:08:00","date_gmt":"2023-11-10T10:08:00","guid":{"rendered":"https:\/\/www.belica.hr\/wp\/?p=15590"},"modified":"2023-11-20T11:47:25","modified_gmt":"2023-11-20T10:47:25","slug":"akti-za-16-sjednicu-vijeca","status":"publish","type":"post","link":"https:\/\/www.belica.hr\/wp\/akti-za-16-sjednicu-vijeca\/","title":{"rendered":"AKTI ZA 16. SJEDNICU VIJE\u0106A"},"content":{"rendered":"\n<p>16.SJEDNICA OP\u0106INSKOG VIJE\u0106A ODR\u017dAT \u0106E SE 14.11.2023. U 18.30H<\/p>\n\n\n\n<div class=\"wp-block-file\"><a href=\"https:\/\/www.belica.hr\/wp\/wp-content\/uploads\/2023\/11\/2.-IZMJENE-PRORACUNA-ZA-2023-1.rtf\">2.-IZMJENE-PRORACUNA-ZA-2023-1<\/a><a href=\"https:\/\/www.belica.hr\/wp\/wp-content\/uploads\/2023\/11\/2.-IZMJENE-PRORACUNA-ZA-2023-1.rtf\" class=\"wp-block-file__button\" download>Preuzmi<\/a><\/div>\n\n\n\n<div class=\"wp-block-file\"><a href=\"https:\/\/www.belica.hr\/wp\/wp-content\/uploads\/2023\/11\/OBRAZLOZENJE-2.-IZMJENE-I-DOPUNE-PRORACUNA2023..doc\" class=\"mtli_attachment mtli_doc\">OBRAZLOZENJE-2.-IZMJENE-I-DOPUNE-PRORACUNA2023.<\/a><a href=\"https:\/\/www.belica.hr\/wp\/wp-content\/uploads\/2023\/11\/OBRAZLOZENJE-2.-IZMJENE-I-DOPUNE-PRORACUNA2023..doc\" class=\"mtli_attachment mtli_doc\" class=\"wp-block-file__button\" download>Preuzmi<\/a><\/div>\n\n\n\n<div class=\"wp-block-file\"><a href=\"https:\/\/www.belica.hr\/wp\/wp-content\/uploads\/2023\/11\/Izmjene-i-dopune-Programa-gradnje-kom.-infra.-23..doc\" class=\"mtli_attachment mtli_doc\">Izmjene-i-dopune-Programa-gradnje-kom.-infra.-23.<\/a><a href=\"https:\/\/www.belica.hr\/wp\/wp-content\/uploads\/2023\/11\/Izmjene-i-dopune-Programa-gradnje-kom.-infra.-23..doc\" class=\"mtli_attachment mtli_doc\" class=\"wp-block-file__button\" download>Preuzmi<\/a><\/div>\n\n\n\n<div class=\"wp-block-file\"><a href=\"https:\/\/www.belica.hr\/wp\/wp-content\/uploads\/2023\/11\/3.-Prijedlog-Odluke-o-donosenju-V.izmjena-i-dopuna-Prostornog-plana.docx\" class=\"mtli_attachment mtli_docx\">3.-Prijedlog-Odluke-o-donosenju-V.izmjena-i-dopuna-Prostornog-plana<\/a><a href=\"https:\/\/www.belica.hr\/wp\/wp-content\/uploads\/2023\/11\/3.-Prijedlog-Odluke-o-donosenju-V.izmjena-i-dopuna-Prostornog-plana.docx\" class=\"mtli_attachment mtli_docx\" class=\"wp-block-file__button\" download>Preuzmi<\/a><\/div>\n\n\n\n<div class=\"wp-block-file\"><a href=\"https:\/\/www.belica.hr\/wp\/wp-content\/uploads\/2023\/11\/3.-Prijedlog-Odluke-o-izmjeni-odluke-o-osnivanju-i-imenovanju-Povjerenstva-za-zakup-poljoprivrednog-zemljista-1.docx\" class=\"mtli_attachment mtli_docx\">3.-Prijedlog-Odluke-o-izmjeni-odluke-o-osnivanju-i-imenovanju-Povjerenstva-za-zakup-poljoprivrednog-zemljista-1<\/a><a href=\"https:\/\/www.belica.hr\/wp\/wp-content\/uploads\/2023\/11\/3.-Prijedlog-Odluke-o-izmjeni-odluke-o-osnivanju-i-imenovanju-Povjerenstva-za-zakup-poljoprivrednog-zemljista-1.docx\" class=\"mtli_attachment mtli_docx\" class=\"wp-block-file__button\" download>Preuzmi<\/a><\/div>\n\n\n\n<div class=\"wp-block-file\"><a href=\"https:\/\/www.belica.hr\/wp\/wp-content\/uploads\/2023\/11\/3.-Prijedlog-Odluke-o-izmjeni-odluke-o-visini-osnovice-i-koeficijenta-za-obracun-place-i-naknada.doc\" class=\"mtli_attachment mtli_doc\">3.-Prijedlog-Odluke-o-izmjeni-odluke-o-visini-osnovice-i-koeficijenta-za-obracun-place-i-naknada<\/a><a href=\"https:\/\/www.belica.hr\/wp\/wp-content\/uploads\/2023\/11\/3.-Prijedlog-Odluke-o-izmjeni-odluke-o-visini-osnovice-i-koeficijenta-za-obracun-place-i-naknada.doc\" class=\"mtli_attachment mtli_doc\" class=\"wp-block-file__button\" download>Preuzmi<\/a><\/div>\n\n\n\n<div class=\"wp-block-file\"><a href=\"https:\/\/www.belica.hr\/wp\/wp-content\/uploads\/2023\/11\/4.-Odluka-o-produzenju-zakupa-poslovnog-prostora-HP-Hrvatska-posta.doc\" class=\"mtli_attachment mtli_doc\">4.-Odluka-o-produzenju-zakupa-poslovnog-prostora-HP-Hrvatska-posta<\/a><a href=\"https:\/\/www.belica.hr\/wp\/wp-content\/uploads\/2023\/11\/4.-Odluka-o-produzenju-zakupa-poslovnog-prostora-HP-Hrvatska-posta.doc\" class=\"mtli_attachment mtli_doc\" class=\"wp-block-file__button\" download>Preuzmi<\/a><\/div>\n\n\n\n<div class=\"wp-block-file\"><a href=\"https:\/\/www.belica.hr\/wp\/wp-content\/uploads\/2023\/11\/Ad-20-Prijedlog-Odluke-o-osnivanju-prava-sluznosti-u-korist-Medimursk-zupanije.docx\" class=\"mtli_attachment mtli_docx\">Ad-20-Prijedlog-Odluke-o-osnivanju-prava-sluznosti-u-korist-Medimursk-zupanije<\/a><a href=\"https:\/\/www.belica.hr\/wp\/wp-content\/uploads\/2023\/11\/Ad-20-Prijedlog-Odluke-o-osnivanju-prava-sluznosti-u-korist-Medimursk-zupanije.docx\" class=\"mtli_attachment mtli_docx\" class=\"wp-block-file__button\" download>Preuzmi<\/a><\/div>\n\n\n\n<div class=\"wp-block-file\"><a href=\"https:\/\/www.belica.hr\/wp\/wp-content\/uploads\/2023\/11\/Ad-20-Prijedlog-Odluke-o-osnivanju-prava-sluznosti-u-korist-Medimursk-zupanije-1.docx\" class=\"mtli_attachment mtli_docx\">Ad-20-Prijedlog-Odluke-o-osnivanju-prava-sluznosti-u-korist-Medimursk-zupanije-1<\/a><a href=\"https:\/\/www.belica.hr\/wp\/wp-content\/uploads\/2023\/11\/Ad-20-Prijedlog-Odluke-o-osnivanju-prava-sluznosti-u-korist-Medimursk-zupanije-1.docx\" class=\"mtli_attachment mtli_docx\" class=\"wp-block-file__button\" download>Preuzmi<\/a><\/div>\n\n\n\n<div class=\"wp-block-file\"><a href=\"https:\/\/www.belica.hr\/wp\/wp-content\/uploads\/2023\/11\/ZAPISNIK-SA-15.-SJEDNICE.pdf\" class=\"mtli_attachment mtli_pdf\">ZAPISNIK-SA-15.-SJEDNICE<\/a><a href=\"https:\/\/www.belica.hr\/wp\/wp-content\/uploads\/2023\/11\/ZAPISNIK-SA-15.-SJEDNICE.pdf\" class=\"mtli_attachment mtli_pdf\" class=\"wp-block-file__button\" download>Preuzmi<\/a><\/div>\n\n\n\n<div class=\"wp-block-file\"><a href=\"https:\/\/www.belica.hr\/wp\/wp-content\/uploads\/2023\/11\/Odluka-o-imenovanju-mrtvozornika-za-JLS-002.docx\" class=\"mtli_attachment mtli_docx\">Odluka-o-imenovanju-mrtvozornika-za-JLS-002<\/a><a href=\"https:\/\/www.belica.hr\/wp\/wp-content\/uploads\/2023\/11\/Odluka-o-imenovanju-mrtvozornika-za-JLS-002.docx\" class=\"mtli_attachment mtli_docx\" class=\"wp-block-file__button\" download>Preuzmi<\/a><\/div>\n\n\n\n\n\n<p><\/p>\n","protected":false},"excerpt":{"rendered":"<p>16.SJEDNICA OP\u0106INSKOG VIJE\u0106A ODR\u017dAT \u0106E SE 14.11.2023. U 18.30H<\/p>\n","protected":false},"author":6,"featured_media":11841,"comment_status":"closed","ping_status":"closed","sticky":false,"template":"","format":"standard","meta":{"footnotes":""},"categories":[1],"tags":[],"class_list":["post-15590","post","type-post","status-publish","format-standard","has-post-thumbnail","hentry","category-opcina-belica"],"_links":{"self":[{"href":"https:\/\/www.belica.hr\/wp\/wp-json\/wp\/v2\/posts\/15590","targetHints":{"allow":["GET"]}}],"collection":[{"href":"https:\/\/www.belica.hr\/wp\/wp-json\/wp\/v2\/posts"}],"about":[{"href":"https:\/\/www.belica.hr\/wp\/wp-json\/wp\/v2\/types\/post"}],"author":[{"embeddable":true,"href":"https:\/\/www.belica.hr\/wp\/wp-json\/wp\/v2\/users\/6"}],"replies":[{"embeddable":true,"href":"https:\/\/www.belica.hr\/wp\/wp-json\/wp\/v2\/comments?post=15590"}],"version-history":[{"count":3,"href":"https:\/\/www.belica.hr\/wp\/wp-json\/wp\/v2\/posts\/15590\/revisions"}],"predecessor-version":[{"id":15622,"href":"https:\/\/www.belica.hr\/wp\/wp-json\/wp\/v2\/posts\/15590\/revisions\/15622"}],"wp:featuredmedia":[{"embeddable":true,"href":"https:\/\/www.belica.hr\/wp\/wp-json\/wp\/v2\/media\/11841"}],"wp:attachment":[{"href":"https:\/\/www.belica.hr\/wp\/wp-json\/wp\/v2\/media?parent=15590"}],"wp:term":[{"taxonomy":"category","embeddable":true,"href":"https:\/\/www.belica.hr\/wp\/wp-json\/wp\/v2\/categories?post=15590"},{"taxonomy":"post_tag","embeddable":true,"href":"https:\/\/www.belica.hr\/wp\/wp-json\/wp\/v2\/tags?post=15590"}],"curies":[{"name":"wp","href":"https:\/\/api.w.org\/{rel}","templated":true}]}}