{"id":15649,"date":"2023-12-11T11:47:59","date_gmt":"2023-12-11T10:47:59","guid":{"rendered":"https:\/\/www.belica.hr\/wp\/?p=15649"},"modified":"2023-12-11T11:48:42","modified_gmt":"2023-12-11T10:48:42","slug":"obrazac-za-koristenje-javne-opcinske-povrsine-2024-godina","status":"publish","type":"post","link":"https:\/\/www.belica.hr\/wp\/obrazac-za-koristenje-javne-opcinske-povrsine-2024-godina\/","title":{"rendered":"OBRAZAC ZA KORI\u0160TENJE JAVNE OP\u0106INSKE POVR\u0160INE &#8211; 2024. GODINA"},"content":{"rendered":"\n<div class=\"wp-block-file\"><a href=\"https:\/\/www.belica.hr\/wp\/wp-content\/uploads\/2023\/12\/Zahtjev-za-koristenje-javne-povrsine-za-2024.-godinu.doc\" class=\"mtli_attachment mtli_doc\">Zahtjev-za-koristenje-javne-povrsine-za-2024.-godinu<\/a><a href=\"https:\/\/www.belica.hr\/wp\/wp-content\/uploads\/2023\/12\/Zahtjev-za-koristenje-javne-povrsine-za-2024.-godinu.doc\" class=\"mtli_attachment mtli_doc\" class=\"wp-block-file__button\" download>Preuzmi<\/a><\/div>\n\n\n\n<p><\/p>\n","protected":false},"excerpt":{"rendered":"","protected":false},"author":6,"featured_media":11841,"comment_status":"closed","ping_status":"closed","sticky":false,"template":"","format":"standard","meta":{"footnotes":""},"categories":[30,189],"tags":[],"class_list":["post-15649","post","type-post","status-publish","format-standard","has-post-thumbnail","hentry","category-komunalno-redarstvo","category-obrasci"],"_links":{"self":[{"href":"https:\/\/www.belica.hr\/wp\/wp-json\/wp\/v2\/posts\/15649","targetHints":{"allow":["GET"]}}],"collection":[{"href":"https:\/\/www.belica.hr\/wp\/wp-json\/wp\/v2\/posts"}],"about":[{"href":"https:\/\/www.belica.hr\/wp\/wp-json\/wp\/v2\/types\/post"}],"author":[{"embeddable":true,"href":"https:\/\/www.belica.hr\/wp\/wp-json\/wp\/v2\/users\/6"}],"replies":[{"embeddable":true,"href":"https:\/\/www.belica.hr\/wp\/wp-json\/wp\/v2\/comments?post=15649"}],"version-history":[{"count":2,"href":"https:\/\/www.belica.hr\/wp\/wp-json\/wp\/v2\/posts\/15649\/revisions"}],"predecessor-version":[{"id":15652,"href":"https:\/\/www.belica.hr\/wp\/wp-json\/wp\/v2\/posts\/15649\/revisions\/15652"}],"wp:featuredmedia":[{"embeddable":true,"href":"https:\/\/www.belica.hr\/wp\/wp-json\/wp\/v2\/media\/11841"}],"wp:attachment":[{"href":"https:\/\/www.belica.hr\/wp\/wp-json\/wp\/v2\/media?parent=15649"}],"wp:term":[{"taxonomy":"category","embeddable":true,"href":"https:\/\/www.belica.hr\/wp\/wp-json\/wp\/v2\/categories?post=15649"},{"taxonomy":"post_tag","embeddable":true,"href":"https:\/\/www.belica.hr\/wp\/wp-json\/wp\/v2\/tags?post=15649"}],"curies":[{"name":"wp","href":"https:\/\/api.w.org\/{rel}","templated":true}]}}