{"id":16020,"date":"2024-04-18T07:33:00","date_gmt":"2024-04-18T06:33:00","guid":{"rendered":"https:\/\/www.belica.hr\/wp\/?p=16020"},"modified":"2024-08-07T11:05:34","modified_gmt":"2024-08-07T10:05:34","slug":"odrzana-je-19-sjednica-vijeca-donijete-su-slijedece-odluke","status":"publish","type":"post","link":"https:\/\/www.belica.hr\/wp\/odrzana-je-19-sjednica-vijeca-donijete-su-slijedece-odluke\/","title":{"rendered":"ODR\u017dANA JE 19. SJEDNICA VIJE\u0106A, DONIJETE SU SLIJEDE\u0106E ODLUKE"},"content":{"rendered":"\n<div class=\"wp-block-file\"><a href=\"https:\/\/www.belica.hr\/wp\/wp-content\/uploads\/2024\/07\/1.-ODLUKA-O-USVAJANJU-POLUGODISNJEG-IZVJESCA-O-RADU-OPCINSKOG-NACELNIKA-ZA-RAZDOBLJE-OD-1.-srpnja-DO-31.-prosinca-2023.-GODINE.doc\" class=\"mtli_attachment mtli_doc\">1.-ODLUKA-O-USVAJANJU-POLUGODISNJEG-IZVJESCA-O-RADU-OPCINSKOG-NACELNIKA-ZA-RAZDOBLJE-OD-1.-srpnja-DO-31.-prosinca-2023.-GODINE<\/a><a href=\"https:\/\/www.belica.hr\/wp\/wp-content\/uploads\/2024\/07\/1.-ODLUKA-O-USVAJANJU-POLUGODISNJEG-IZVJESCA-O-RADU-OPCINSKOG-NACELNIKA-ZA-RAZDOBLJE-OD-1.-srpnja-DO-31.-prosinca-2023.-GODINE.doc\" class=\"mtli_attachment mtli_doc\" class=\"wp-block-file__button\" download>Preuzmi<\/a><\/div>\n\n\n\n<div class=\"wp-block-file\"><a href=\"https:\/\/www.belica.hr\/wp\/wp-content\/uploads\/2024\/07\/1.1.IZVJESCE-NACELNIKA-7-12-2023.doc\" class=\"mtli_attachment mtli_doc\">1.1.IZVJESCE-NACELNIKA-7-12-2023<\/a><a href=\"https:\/\/www.belica.hr\/wp\/wp-content\/uploads\/2024\/07\/1.1.IZVJESCE-NACELNIKA-7-12-2023.doc\" class=\"mtli_attachment mtli_doc\" class=\"wp-block-file__button\" download>Preuzmi<\/a><\/div>\n\n\n\n<div class=\"wp-block-file\"><a href=\"https:\/\/www.belica.hr\/wp\/wp-content\/uploads\/2024\/07\/2.-ODLUKA-O-USVAJANJU-GODISNJEG-IZVJESTAJA-O-IZVRSENJU-PRORACUNA-ZA-2023..docx\" class=\"mtli_attachment mtli_docx\">2.-ODLUKA-O-USVAJANJU-GODISNJEG-IZVJESTAJA-O-IZVRSENJU-PRORACUNA-ZA-2023.<\/a><a href=\"https:\/\/www.belica.hr\/wp\/wp-content\/uploads\/2024\/07\/2.-ODLUKA-O-USVAJANJU-GODISNJEG-IZVJESTAJA-O-IZVRSENJU-PRORACUNA-ZA-2023..docx\" class=\"mtli_attachment mtli_docx\" class=\"wp-block-file__button\" download>Preuzmi<\/a><\/div>\n\n\n\n<div class=\"wp-block-file\"><a href=\"https:\/\/www.belica.hr\/wp\/wp-content\/uploads\/2024\/07\/5.-IZVJESTAJ-POLJOPRIVREDA-2023..docx\" class=\"mtli_attachment mtli_docx\">5.-IZVJESTAJ-POLJOPRIVREDA-2023.<\/a><a href=\"https:\/\/www.belica.hr\/wp\/wp-content\/uploads\/2024\/07\/5.-IZVJESTAJ-POLJOPRIVREDA-2023..docx\" class=\"mtli_attachment mtli_docx\" class=\"wp-block-file__button\" download>Preuzmi<\/a><\/div>\n\n\n\n<div class=\"wp-block-file\"><a href=\"https:\/\/www.belica.hr\/wp\/wp-content\/uploads\/2024\/07\/5.-IZVJESTAJ-POLJOPRIVREDA-2023.-1.docx\" class=\"mtli_attachment mtli_docx\">5.-IZVJESTAJ-POLJOPRIVREDA-2023.-1<\/a><a href=\"https:\/\/www.belica.hr\/wp\/wp-content\/uploads\/2024\/07\/5.-IZVJESTAJ-POLJOPRIVREDA-2023.-1.docx\" class=\"mtli_attachment mtli_docx\" class=\"wp-block-file__button\" download>Preuzmi<\/a><\/div>\n\n\n\n<div class=\"wp-block-file\"><a href=\"https:\/\/www.belica.hr\/wp\/wp-content\/uploads\/2024\/07\/6.-IZVJESTAJ-GRADNJE-K.I.-2023..doc\" class=\"mtli_attachment mtli_doc\">6.-IZVJESTAJ-GRADNJE-K.I.-2023.<\/a><a href=\"https:\/\/www.belica.hr\/wp\/wp-content\/uploads\/2024\/07\/6.-IZVJESTAJ-GRADNJE-K.I.-2023..doc\" class=\"mtli_attachment mtli_doc\" class=\"wp-block-file__button\" download>Preuzmi<\/a><\/div>\n\n\n\n<div class=\"wp-block-file\"><a href=\"https:\/\/www.belica.hr\/wp\/wp-content\/uploads\/2024\/07\/6.1.-ODLUKA-O-USVAJANJU-IZVJESTAJA-O-IZVRSENJU-PROGRAMA-GRADENJA-KOMUNALNE-INFRASTRUKTURE-ZA-2023.docx\" class=\"mtli_attachment mtli_docx\">6.1.-ODLUKA-O-USVAJANJU-IZVJESTAJA-O-IZVRSENJU-PROGRAMA-GRADENJA-KOMUNALNE-INFRASTRUKTURE-ZA-2023<\/a><a href=\"https:\/\/www.belica.hr\/wp\/wp-content\/uploads\/2024\/07\/6.1.-ODLUKA-O-USVAJANJU-IZVJESTAJA-O-IZVRSENJU-PROGRAMA-GRADENJA-KOMUNALNE-INFRASTRUKTURE-ZA-2023.docx\" class=\"mtli_attachment mtli_docx\" class=\"wp-block-file__button\" download>Preuzmi<\/a><\/div>\n\n\n\n<div class=\"wp-block-file\"><a href=\"https:\/\/www.belica.hr\/wp\/wp-content\/uploads\/2024\/07\/7.1.-ODLUKA-O-USVAJANJU-IZVJESTAJA-O-IZVRSENJU-PROGRAMA-ODRZAVANJA-KOMUNALNE-INFRASTRUKTURE-ZA-2023..docx\" class=\"mtli_attachment mtli_docx\">7.1.-ODLUKA-O-USVAJANJU-IZVJESTAJA-O-IZVRSENJU-PROGRAMA-ODRZAVANJA-KOMUNALNE-INFRASTRUKTURE-ZA-2023.<\/a><a href=\"https:\/\/www.belica.hr\/wp\/wp-content\/uploads\/2024\/07\/7.1.-ODLUKA-O-USVAJANJU-IZVJESTAJA-O-IZVRSENJU-PROGRAMA-ODRZAVANJA-KOMUNALNE-INFRASTRUKTURE-ZA-2023..docx\" class=\"mtli_attachment mtli_docx\" class=\"wp-block-file__button\" download>Preuzmi<\/a><\/div>\n\n\n\n<div class=\"wp-block-file\"><a href=\"https:\/\/www.belica.hr\/wp\/wp-content\/uploads\/2024\/07\/7.IZVJESTAJ-ODRZAVANJE-KOM.-INFRA.-2023_.doc\" class=\"mtli_attachment mtli_doc\">7.IZVJESTAJ-ODRZAVANJE-KOM.-INFRA.-2023_<\/a><a href=\"https:\/\/www.belica.hr\/wp\/wp-content\/uploads\/2024\/07\/7.IZVJESTAJ-ODRZAVANJE-KOM.-INFRA.-2023_.doc\" class=\"mtli_attachment mtli_doc\" class=\"wp-block-file__button\" download>Preuzmi<\/a><\/div>\n\n\n\n<div class=\"wp-block-file\"><a href=\"https:\/\/www.belica.hr\/wp\/wp-content\/uploads\/2024\/07\/8.IZVJESTAJ-SPORT-2023..doc\" class=\"mtli_attachment mtli_doc\">8.IZVJESTAJ-SPORT-2023.<\/a><a href=\"https:\/\/www.belica.hr\/wp\/wp-content\/uploads\/2024\/07\/8.IZVJESTAJ-SPORT-2023..doc\" class=\"mtli_attachment mtli_doc\" class=\"wp-block-file__button\" download>Preuzmi<\/a><\/div>\n\n\n\n<div class=\"wp-block-file\"><a href=\"https:\/\/www.belica.hr\/wp\/wp-content\/uploads\/2024\/07\/9.IZVJESTAJ-KULTURA-2023..doc\" class=\"mtli_attachment mtli_doc\">9.IZVJESTAJ-KULTURA-2023.<\/a><a href=\"https:\/\/www.belica.hr\/wp\/wp-content\/uploads\/2024\/07\/9.IZVJESTAJ-KULTURA-2023..doc\" class=\"mtli_attachment mtli_doc\" class=\"wp-block-file__button\" download>Preuzmi<\/a><\/div>\n\n\n\n<div class=\"wp-block-file\"><a href=\"https:\/\/www.belica.hr\/wp\/wp-content\/uploads\/2024\/07\/10.-IZVJESTAJ-SOCIJALNI-PROGRAM-2023..doc\" class=\"mtli_attachment mtli_doc\">10.-IZVJESTAJ-SOCIJALNI-PROGRAM-2023.<\/a><a href=\"https:\/\/www.belica.hr\/wp\/wp-content\/uploads\/2024\/07\/10.-IZVJESTAJ-SOCIJALNI-PROGRAM-2023..doc\" class=\"mtli_attachment mtli_doc\" class=\"wp-block-file__button\" download>Preuzmi<\/a><\/div>\n\n\n\n<div class=\"wp-block-file\"><a href=\"https:\/\/www.belica.hr\/wp\/wp-content\/uploads\/2024\/07\/11.1.-IZMJENE-I-DOPUNE-PRORACUNA.rtf\">11.1.-IZMJENE-I-DOPUNE-PRORACUNA<\/a><a href=\"https:\/\/www.belica.hr\/wp\/wp-content\/uploads\/2024\/07\/11.1.-IZMJENE-I-DOPUNE-PRORACUNA.rtf\" class=\"wp-block-file__button\" download>Preuzmi<\/a><\/div>\n\n\n\n<div class=\"wp-block-file\"><a href=\"https:\/\/www.belica.hr\/wp\/wp-content\/uploads\/2024\/07\/11.1.-OBRAZLOZENJE-1.-IZMJENA-I-DOPUNA-PRORACUNA2024..doc\" class=\"mtli_attachment mtli_doc\">11.1.-OBRAZLOZENJE-1.-IZMJENA-I-DOPUNA-PRORACUNA2024.<\/a><a href=\"https:\/\/www.belica.hr\/wp\/wp-content\/uploads\/2024\/07\/11.1.-OBRAZLOZENJE-1.-IZMJENA-I-DOPUNA-PRORACUNA2024..doc\" class=\"mtli_attachment mtli_doc\" class=\"wp-block-file__button\" download>Preuzmi<\/a><\/div>\n\n\n\n<div class=\"wp-block-file\"><a href=\"https:\/\/www.belica.hr\/wp\/wp-content\/uploads\/2024\/07\/12.-ODLUKA-O-IZMJENAMA-ODLUKE-O-VISINI-OSNOVICE-I-KOEFICIJENTA-ZA-OBRACUN-PLACE-I-NAKNADA-TA-OSTALIH-PRAVA-OPCINSKOG-NACELNIKA.doc\" class=\"mtli_attachment mtli_doc\">12.-ODLUKA-O-IZMJENAMA-ODLUKE-O-VISINI-OSNOVICE-I-KOEFICIJENTA-ZA-OBRACUN-PLACE-I-NAKNADA-TA-OSTALIH-PRAVA-OPCINSKOG-NACELNIKA<\/a><a href=\"https:\/\/www.belica.hr\/wp\/wp-content\/uploads\/2024\/07\/12.-ODLUKA-O-IZMJENAMA-ODLUKE-O-VISINI-OSNOVICE-I-KOEFICIJENTA-ZA-OBRACUN-PLACE-I-NAKNADA-TA-OSTALIH-PRAVA-OPCINSKOG-NACELNIKA.doc\" class=\"mtli_attachment mtli_doc\" class=\"wp-block-file__button\" download>Preuzmi<\/a><\/div>\n\n\n\n<div class=\"wp-block-file\"><a href=\"https:\/\/www.belica.hr\/wp\/wp-content\/uploads\/2024\/07\/12.Izmjene-Program-gradnje-kom.-infra.-2024.doc\" class=\"mtli_attachment mtli_doc\">12.Izmjene-Program-gradnje-kom.-infra.-2024<\/a><a href=\"https:\/\/www.belica.hr\/wp\/wp-content\/uploads\/2024\/07\/12.Izmjene-Program-gradnje-kom.-infra.-2024.doc\" class=\"mtli_attachment mtli_doc\" class=\"wp-block-file__button\" download>Preuzmi<\/a><\/div>\n\n\n\n<div class=\"wp-block-file\"><a href=\"https:\/\/www.belica.hr\/wp\/wp-content\/uploads\/2024\/07\/13.-ODLUKA-O-NAKNADAMA-ZA-RAD-VIJECNICIMA-OPCINSKOG-VIJECA-I-CLANOVIMA-NJIHOVIH-RADNIH-TIJELA.doc\" class=\"mtli_attachment mtli_doc\">13.-ODLUKA-O-NAKNADAMA-ZA-RAD-VIJECNICIMA-OPCINSKOG-VIJECA-I-CLANOVIMA-NJIHOVIH-RADNIH-TIJELA<\/a><a href=\"https:\/\/www.belica.hr\/wp\/wp-content\/uploads\/2024\/07\/13.-ODLUKA-O-NAKNADAMA-ZA-RAD-VIJECNICIMA-OPCINSKOG-VIJECA-I-CLANOVIMA-NJIHOVIH-RADNIH-TIJELA.doc\" class=\"mtli_attachment mtli_doc\" class=\"wp-block-file__button\" download>Preuzmi<\/a><\/div>\n\n\n\n<div class=\"wp-block-file\"><a href=\"https:\/\/www.belica.hr\/wp\/wp-content\/uploads\/2024\/07\/14.-ODLUKA-O-IZMJENAMA-ODLUKE-O-KOEFICIJENTIMA-ZA-OBRACUN-PLACA-SLUZBENIKA-I-NAMJESTENIKA-U-JUO-OPCINE-BELICA.doc\" class=\"mtli_attachment mtli_doc\">14.-ODLUKA-O-IZMJENAMA-ODLUKE-O-KOEFICIJENTIMA-ZA-OBRACUN-PLACA-SLUZBENIKA-I-NAMJESTENIKA-U-JUO-OPCINE-BELICA<\/a><a href=\"https:\/\/www.belica.hr\/wp\/wp-content\/uploads\/2024\/07\/14.-ODLUKA-O-IZMJENAMA-ODLUKE-O-KOEFICIJENTIMA-ZA-OBRACUN-PLACA-SLUZBENIKA-I-NAMJESTENIKA-U-JUO-OPCINE-BELICA.doc\" class=\"mtli_attachment mtli_doc\" class=\"wp-block-file__button\" download>Preuzmi<\/a><\/div>\n\n\n\n<div class=\"wp-block-file\"><a href=\"https:\/\/www.belica.hr\/wp\/wp-content\/uploads\/2024\/07\/Godisnji-izvjestaj-o-izvrsenju-Proracuna-2023.rtf\">Godisnji-izvjestaj-o-izvrsenju-Proracuna-2023<\/a><a href=\"https:\/\/www.belica.hr\/wp\/wp-content\/uploads\/2024\/07\/Godisnji-izvjestaj-o-izvrsenju-Proracuna-2023.rtf\" class=\"wp-block-file__button\" download>Preuzmi<\/a><\/div>\n\n\n\n<div class=\"wp-block-file\"><a href=\"https:\/\/www.belica.hr\/wp\/wp-content\/uploads\/2024\/07\/IZVJESTAJ-GRADNJE-K.I.-2023..doc\" class=\"mtli_attachment mtli_doc\">IZVJESTAJ-GRADNJE-K.I.-2023.<\/a><a href=\"https:\/\/www.belica.hr\/wp\/wp-content\/uploads\/2024\/07\/IZVJESTAJ-GRADNJE-K.I.-2023..doc\" class=\"mtli_attachment mtli_doc\" class=\"wp-block-file__button\" download>Preuzmi<\/a><\/div>\n\n\n\n<div class=\"wp-block-file\"><a href=\"https:\/\/www.belica.hr\/wp\/wp-content\/uploads\/2024\/07\/IZVJESTAJ-KULTURA-2023..doc\" class=\"mtli_attachment mtli_doc\">IZVJESTAJ-KULTURA-2023.<\/a><a href=\"https:\/\/www.belica.hr\/wp\/wp-content\/uploads\/2024\/07\/IZVJESTAJ-KULTURA-2023..doc\" class=\"mtli_attachment mtli_doc\" class=\"wp-block-file__button\" download>Preuzmi<\/a><\/div>\n\n\n\n<div class=\"wp-block-file\"><a href=\"https:\/\/www.belica.hr\/wp\/wp-content\/uploads\/2024\/07\/IZVJESTAJ-ODRZAVANJE-KOM.-INFRA.-2023_.doc\" class=\"mtli_attachment mtli_doc\">IZVJESTAJ-ODRZAVANJE-KOM.-INFRA.-2023_<\/a><a href=\"https:\/\/www.belica.hr\/wp\/wp-content\/uploads\/2024\/07\/IZVJESTAJ-ODRZAVANJE-KOM.-INFRA.-2023_.doc\" class=\"mtli_attachment mtli_doc\" class=\"wp-block-file__button\" download>Preuzmi<\/a><\/div>\n\n\n\n<div class=\"wp-block-file\"><a href=\"https:\/\/www.belica.hr\/wp\/wp-content\/uploads\/2024\/07\/IZVJESTAJ-POLJOPRIVREDA-2023..docx\" class=\"mtli_attachment mtli_docx\">IZVJESTAJ-POLJOPRIVREDA-2023.<\/a><a href=\"https:\/\/www.belica.hr\/wp\/wp-content\/uploads\/2024\/07\/IZVJESTAJ-POLJOPRIVREDA-2023..docx\" class=\"mtli_attachment mtli_docx\" class=\"wp-block-file__button\" download>Preuzmi<\/a><\/div>\n\n\n\n<div class=\"wp-block-file\"><a href=\"https:\/\/www.belica.hr\/wp\/wp-content\/uploads\/2024\/07\/IZVJESTAJ-SOCIJALNI-PROGRAM-2023..doc\" class=\"mtli_attachment mtli_doc\">IZVJESTAJ-SOCIJALNI-PROGRAM-2023.<\/a><a href=\"https:\/\/www.belica.hr\/wp\/wp-content\/uploads\/2024\/07\/IZVJESTAJ-SOCIJALNI-PROGRAM-2023..doc\" class=\"mtli_attachment mtli_doc\" class=\"wp-block-file__button\" download>Preuzmi<\/a><\/div>\n\n\n\n<div class=\"wp-block-file\"><a href=\"https:\/\/www.belica.hr\/wp\/wp-content\/uploads\/2024\/07\/IZVJESTAJ-SPORT-2023..doc\" class=\"mtli_attachment mtli_doc\">IZVJESTAJ-SPORT-2023.<\/a><a href=\"https:\/\/www.belica.hr\/wp\/wp-content\/uploads\/2024\/07\/IZVJESTAJ-SPORT-2023..doc\" class=\"mtli_attachment mtli_doc\" class=\"wp-block-file__button\" download>Preuzmi<\/a><\/div>\n\n\n\n<div class=\"wp-block-file\"><a href=\"https:\/\/www.belica.hr\/wp\/wp-content\/uploads\/2024\/07\/REZULTAT-POSLOVANJA-2023..doc\" class=\"mtli_attachment mtli_doc\">REZULTAT-POSLOVANJA-2023.<\/a><a href=\"https:\/\/www.belica.hr\/wp\/wp-content\/uploads\/2024\/07\/REZULTAT-POSLOVANJA-2023..doc\" class=\"mtli_attachment mtli_doc\" class=\"wp-block-file__button\" download>Preuzmi<\/a><\/div>\n","protected":false},"excerpt":{"rendered":"","protected":false},"author":6,"featured_media":11841,"comment_status":"closed","ping_status":"closed","sticky":false,"template":"","format":"standard","meta":{"footnotes":""},"categories":[1653,173],"tags":[],"class_list":["post-16020","post","type-post","status-publish","format-standard","has-post-thumbnail","hentry","category-mandat-od-2021-2025-godine","category-ostalo"],"_links":{"self":[{"href":"https:\/\/www.belica.hr\/wp\/wp-json\/wp\/v2\/posts\/16020","targetHints":{"allow":["GET"]}}],"collection":[{"href":"https:\/\/www.belica.hr\/wp\/wp-json\/wp\/v2\/posts"}],"about":[{"href":"https:\/\/www.belica.hr\/wp\/wp-json\/wp\/v2\/types\/post"}],"author":[{"embeddable":true,"href":"https:\/\/www.belica.hr\/wp\/wp-json\/wp\/v2\/users\/6"}],"replies":[{"embeddable":true,"href":"https:\/\/www.belica.hr\/wp\/wp-json\/wp\/v2\/comments?post=16020"}],"version-history":[{"count":1,"href":"https:\/\/www.belica.hr\/wp\/wp-json\/wp\/v2\/posts\/16020\/revisions"}],"predecessor-version":[{"id":16050,"href":"https:\/\/www.belica.hr\/wp\/wp-json\/wp\/v2\/posts\/16020\/revisions\/16050"}],"wp:featuredmedia":[{"embeddable":true,"href":"https:\/\/www.belica.hr\/wp\/wp-json\/wp\/v2\/media\/11841"}],"wp:attachment":[{"href":"https:\/\/www.belica.hr\/wp\/wp-json\/wp\/v2\/media?parent=16020"}],"wp:term":[{"taxonomy":"category","embeddable":true,"href":"https:\/\/www.belica.hr\/wp\/wp-json\/wp\/v2\/categories?post=16020"},{"taxonomy":"post_tag","embeddable":true,"href":"https:\/\/www.belica.hr\/wp\/wp-json\/wp\/v2\/tags?post=16020"}],"curies":[{"name":"wp","href":"https:\/\/api.w.org\/{rel}","templated":true}]}}