{"id":2573,"date":"2013-02-14T11:06:17","date_gmt":"2013-02-14T11:06:17","guid":{"rendered":"http:\/\/www.belica.hr\/wp\/?p=2573"},"modified":"2013-02-14T11:06:17","modified_gmt":"2013-02-14T11:06:17","slug":"polnocka-u-gardinovcu","status":"publish","type":"post","link":"https:\/\/www.belica.hr\/wp\/polnocka-u-gardinovcu\/","title":{"rendered":"Polno\u0107ka u Gardinovcu"},"content":{"rendered":"<p style=\"text-align: justify;\"><a href=\"https:\/\/www.belica.hr\/wp\/wp-content\/uploads\/2013\/02\/PC230208.jpg\"><img decoding=\"async\" class=\"alignleft size-thumbnail wp-image-2584\" title=\"OLYMPUS DIGITAL CAMERA\" src=\"https:\/\/www.belica.hr\/wp\/wp-content\/uploads\/2013\/02\/PC230208-150x150.jpg\" alt=\"\" width=\"150\" height=\"150\" \/><\/a><\/p>\n<p style=\"text-align: justify;\">\u010clanice<strong> Udruge gra\u0111ana Gardru\u017ea<\/strong> za borove koje se kite u crkvi i ove godine izradile su nove ukrase. Napravljeni su mali bijeli i srebrni an\u0111eli od papira koji su se priklju\u010dili prethodno oslikanim kuglicama od stiropora.<!--more--><\/p>\n<p style=\"text-align: justify;\">Ve\u0107 tradicionalno nakon mise polno\u0107ke u organizaciji Udruge gra\u0111ana Gardru\u017ea i obitelji Furdi, priprema se kuhano vino i \u010daj te kola\u010di za sve mje\u0161tane Gardinovca. Na taj na\u010din ljudi se malo dru\u017ee, \u010destitaju Bo\u017ei\u0107 jedni drugima i u\u017eivaju u bo\u017ei\u0107nom ugo\u0111aju.<\/p>\n<p>Predsjednica Udruge gra\u0111ana Gardru\u017ea<\/p>\n<p>Marija Prekupec, dipl.med.techn<\/p>\n\n\t\t<div id='gallery-1' class='gallery galleryid-2573 gallery-columns-4 gallery-size-thumbnail gallery1'><script type=\"text\/javascript\">\r\n\/\/ <![CDATA[\r\n\tjQuery(document).ready(function () {\r\n\t\tjQuery(\".gallery1 a\").attr(\"rel\",\"gallery1\");\t\r\n\t\tjQuery('a[rel=\"gallery1\"]').colorbox({maxWidth:\"95%\", maxHeight:\"95%\",title: function(){ return jQuery(this).children().attr(\"alt\"); }, });\r\n\t});\r\n\/\/ ]]>\r\n<\/script>\n<figure class=\"gallery-item\">\n<div class=\"gallery-icon\">\r\n<a href=\"https:\/\/www.belica.hr\/wp\/wp-content\/uploads\/2013\/02\/PC200198.jpg\" title=\"\" rel=\"gallery1\"><img decoding=\"async\" src=\"https:\/\/www.belica.hr\/wp\/wp-content\/uploads\/2013\/02\/PC200198-150x150.jpg\" width=\"150\" height=\"150\" alt=\"\" \/><\/a>\r\n<\/div><\/figure><figure class=\"gallery-item\">\n<div class=\"gallery-icon\">\r\n<a href=\"https:\/\/www.belica.hr\/wp\/wp-content\/uploads\/2013\/02\/PC200199.jpg\" title=\"\" rel=\"gallery1\"><img decoding=\"async\" src=\"https:\/\/www.belica.hr\/wp\/wp-content\/uploads\/2013\/02\/PC200199-150x150.jpg\" width=\"150\" height=\"150\" alt=\"\" \/><\/a>\r\n<\/div><\/figure><figure class=\"gallery-item\">\n<div class=\"gallery-icon\">\r\n<a href=\"https:\/\/www.belica.hr\/wp\/wp-content\/uploads\/2013\/02\/PC200200.jpg\" title=\"\" rel=\"gallery1\"><img loading=\"lazy\" decoding=\"async\" src=\"https:\/\/www.belica.hr\/wp\/wp-content\/uploads\/2013\/02\/PC200200-150x150.jpg\" width=\"150\" height=\"150\" alt=\"\" \/><\/a>\r\n<\/div><\/figure><figure class=\"gallery-item\">\n<div class=\"gallery-icon\">\r\n<a href=\"https:\/\/www.belica.hr\/wp\/wp-content\/uploads\/2013\/02\/PC200201.jpg\" title=\"\" rel=\"gallery1\"><img loading=\"lazy\" decoding=\"async\" src=\"https:\/\/www.belica.hr\/wp\/wp-content\/uploads\/2013\/02\/PC200201-150x150.jpg\" width=\"150\" height=\"150\" alt=\"\" \/><\/a>\r\n<\/div><\/figure><figure class=\"gallery-item\">\n<div class=\"gallery-icon\">\r\n<a href=\"https:\/\/www.belica.hr\/wp\/wp-content\/uploads\/2013\/02\/PC200202.jpg\" title=\"\" rel=\"gallery1\"><img loading=\"lazy\" decoding=\"async\" src=\"https:\/\/www.belica.hr\/wp\/wp-content\/uploads\/2013\/02\/PC200202-150x150.jpg\" width=\"150\" height=\"150\" alt=\"\" \/><\/a>\r\n<\/div><\/figure><figure class=\"gallery-item\">\n<div class=\"gallery-icon\">\r\n<a href=\"https:\/\/www.belica.hr\/wp\/wp-content\/uploads\/2013\/02\/PC200203.jpg\" title=\"\" rel=\"gallery1\"><img loading=\"lazy\" decoding=\"async\" src=\"https:\/\/www.belica.hr\/wp\/wp-content\/uploads\/2013\/02\/PC200203-150x150.jpg\" width=\"150\" height=\"150\" alt=\"\" \/><\/a>\r\n<\/div><\/figure><figure class=\"gallery-item\">\n<div class=\"gallery-icon\">\r\n<a href=\"https:\/\/www.belica.hr\/wp\/wp-content\/uploads\/2013\/02\/PC200204.jpg\" title=\"\" rel=\"gallery1\"><img loading=\"lazy\" decoding=\"async\" src=\"https:\/\/www.belica.hr\/wp\/wp-content\/uploads\/2013\/02\/PC200204-150x150.jpg\" width=\"150\" height=\"150\" alt=\"\" \/><\/a>\r\n<\/div><\/figure><figure class=\"gallery-item\">\n<div class=\"gallery-icon\">\r\n<a href=\"https:\/\/www.belica.hr\/wp\/wp-content\/uploads\/2013\/02\/PC230205.jpg\" title=\"\" rel=\"gallery1\"><img loading=\"lazy\" decoding=\"async\" src=\"https:\/\/www.belica.hr\/wp\/wp-content\/uploads\/2013\/02\/PC230205-150x150.jpg\" width=\"150\" height=\"150\" alt=\"\" \/><\/a>\r\n<\/div><\/figure><figure class=\"gallery-item\">\n<div class=\"gallery-icon\">\r\n<a href=\"https:\/\/www.belica.hr\/wp\/wp-content\/uploads\/2013\/02\/PC230206.jpg\" title=\"\" rel=\"gallery1\"><img loading=\"lazy\" decoding=\"async\" src=\"https:\/\/www.belica.hr\/wp\/wp-content\/uploads\/2013\/02\/PC230206-150x150.jpg\" width=\"150\" height=\"150\" alt=\"\" \/><\/a>\r\n<\/div><\/figure><figure class=\"gallery-item\">\n<div class=\"gallery-icon\">\r\n<a href=\"https:\/\/www.belica.hr\/wp\/wp-content\/uploads\/2013\/02\/PC230207.jpg\" title=\"\" rel=\"gallery1\"><img loading=\"lazy\" decoding=\"async\" src=\"https:\/\/www.belica.hr\/wp\/wp-content\/uploads\/2013\/02\/PC230207-150x150.jpg\" width=\"150\" height=\"150\" alt=\"\" \/><\/a>\r\n<\/div><\/figure><figure class=\"gallery-item\">\n<div class=\"gallery-icon\">\r\n<a href=\"https:\/\/www.belica.hr\/wp\/wp-content\/uploads\/2013\/02\/PC230208.jpg\" title=\"\" rel=\"gallery1\"><img loading=\"lazy\" decoding=\"async\" src=\"https:\/\/www.belica.hr\/wp\/wp-content\/uploads\/2013\/02\/PC230208-150x150.jpg\" width=\"150\" height=\"150\" alt=\"\" \/><\/a>\r\n<\/div><\/figure><figure class=\"gallery-item\">\n<div class=\"gallery-icon\">\r\n<a href=\"https:\/\/www.belica.hr\/wp\/wp-content\/uploads\/2013\/02\/PC240219.jpg\" title=\"\" rel=\"gallery1\"><img loading=\"lazy\" decoding=\"async\" src=\"https:\/\/www.belica.hr\/wp\/wp-content\/uploads\/2013\/02\/PC240219-150x150.jpg\" width=\"150\" height=\"150\" alt=\"\" \/><\/a>\r\n<\/div><\/figure><figure class=\"gallery-item\">\n<div class=\"gallery-icon\">\r\n<a href=\"https:\/\/www.belica.hr\/wp\/wp-content\/uploads\/2013\/02\/PC240220.jpg\" title=\"\" rel=\"gallery1\"><img loading=\"lazy\" decoding=\"async\" src=\"https:\/\/www.belica.hr\/wp\/wp-content\/uploads\/2013\/02\/PC240220-150x150.jpg\" width=\"150\" height=\"150\" alt=\"\" \/><\/a>\r\n<\/div><\/figure><figure class=\"gallery-item\">\n<div class=\"gallery-icon\">\r\n<a href=\"https:\/\/www.belica.hr\/wp\/wp-content\/uploads\/2013\/02\/PC240221.jpg\" title=\"\" rel=\"gallery1\"><img loading=\"lazy\" decoding=\"async\" src=\"https:\/\/www.belica.hr\/wp\/wp-content\/uploads\/2013\/02\/PC240221-150x150.jpg\" width=\"150\" height=\"150\" alt=\"\" \/><\/a>\r\n<\/div><\/figure><figure class=\"gallery-item\">\n<div class=\"gallery-icon\">\r\n<a href=\"https:\/\/www.belica.hr\/wp\/wp-content\/uploads\/2013\/02\/PC240222.jpg\" title=\"\" rel=\"gallery1\"><img loading=\"lazy\" decoding=\"async\" src=\"https:\/\/www.belica.hr\/wp\/wp-content\/uploads\/2013\/02\/PC240222-150x150.jpg\" width=\"150\" height=\"150\" alt=\"\" \/><\/a>\r\n<\/div><\/figure><figure class=\"gallery-item\">\n<div class=\"gallery-icon\">\r\n<a href=\"https:\/\/www.belica.hr\/wp\/wp-content\/uploads\/2013\/02\/PC240223.jpg\" title=\"\" rel=\"gallery1\"><img loading=\"lazy\" decoding=\"async\" src=\"https:\/\/www.belica.hr\/wp\/wp-content\/uploads\/2013\/02\/PC240223-150x150.jpg\" width=\"150\" height=\"150\" alt=\"\" \/><\/a>\r\n<\/div><\/figure>\r\n\t\t<\/div>\n\n","protected":false},"excerpt":{"rendered":"<p>\u010clanice Udruge gra\u0111ana Gardru\u017ea za borove koje se kite u crkvi i ove godine izradile su nove ukrase. Napravljeni su mali bijeli i srebrni an\u0111eli od papira koji su se priklju\u010dili prethodno oslikanim kuglicama od stiropora.<\/p>\n","protected":false},"author":1,"featured_media":0,"comment_status":"closed","ping_status":"closed","sticky":false,"template":"","format":"standard","meta":{"footnotes":""},"categories":[25,129],"tags":[127,306,305],"class_list":["post-2573","post","type-post","status-publish","format-standard","hentry","category-galerije-slika","category-gardruza","tag-gardinovec","tag-kicenje-bora","tag-polnocka"],"_links":{"self":[{"href":"https:\/\/www.belica.hr\/wp\/wp-json\/wp\/v2\/posts\/2573","targetHints":{"allow":["GET"]}}],"collection":[{"href":"https:\/\/www.belica.hr\/wp\/wp-json\/wp\/v2\/posts"}],"about":[{"href":"https:\/\/www.belica.hr\/wp\/wp-json\/wp\/v2\/types\/post"}],"author":[{"embeddable":true,"href":"https:\/\/www.belica.hr\/wp\/wp-json\/wp\/v2\/users\/1"}],"replies":[{"embeddable":true,"href":"https:\/\/www.belica.hr\/wp\/wp-json\/wp\/v2\/comments?post=2573"}],"version-history":[{"count":2,"href":"https:\/\/www.belica.hr\/wp\/wp-json\/wp\/v2\/posts\/2573\/revisions"}],"predecessor-version":[{"id":2591,"href":"https:\/\/www.belica.hr\/wp\/wp-json\/wp\/v2\/posts\/2573\/revisions\/2591"}],"wp:attachment":[{"href":"https:\/\/www.belica.hr\/wp\/wp-json\/wp\/v2\/media?parent=2573"}],"wp:term":[{"taxonomy":"category","embeddable":true,"href":"https:\/\/www.belica.hr\/wp\/wp-json\/wp\/v2\/categories?post=2573"},{"taxonomy":"post_tag","embeddable":true,"href":"https:\/\/www.belica.hr\/wp\/wp-json\/wp\/v2\/tags?post=2573"}],"curies":[{"name":"wp","href":"https:\/\/api.w.org\/{rel}","templated":true}]}}