{"id":3122,"date":"2013-04-11T07:27:02","date_gmt":"2013-04-11T07:27:02","guid":{"rendered":"http:\/\/www.belica.hr\/wp\/?p=3122"},"modified":"2015-04-21T07:52:23","modified_gmt":"2015-04-21T06:52:23","slug":"cvh-3122","status":"publish","type":"post","link":"https:\/\/www.belica.hr\/wp\/cvh-3122\/","title":{"rendered":"Tehni\u010dki pregled traktora"},"content":{"rendered":"<p><a href=\"https:\/\/www.belica.hr\/wp\/wp-content\/uploads\/2013\/04\/traktor.jpg\"><img decoding=\"async\" class=\"alignleft size-thumbnail wp-image-3124\" title=\"traktor\" alt=\"\" src=\"https:\/\/www.belica.hr\/wp\/wp-content\/uploads\/2013\/04\/traktor-150x150.jpg\" width=\"150\" height=\"150\" srcset=\"https:\/\/www.belica.hr\/wp\/wp-content\/uploads\/2013\/04\/traktor-150x150.jpg 150w, https:\/\/www.belica.hr\/wp\/wp-content\/uploads\/2013\/04\/traktor-300x300.jpg 300w, https:\/\/www.belica.hr\/wp\/wp-content\/uploads\/2013\/04\/traktor.jpg 512w\" sizes=\"(max-width: 150px) 100vw, 150px\" \/><\/a><\/p>\n<p>&nbsp;<\/p>\n<p>Centar za vozila Hrvatske &#8211; Stanice za tehni\u010dki pregled vozila obavljat \u0107e i ove godine <strong>tehni\u010dki pregled traktora i traktorskih prikolica<\/strong> na terenu.<\/p>\n<p>&nbsp;<\/p>\n<p style=\"text-align: center;\">U Op\u0107ini Belica tehni\u010dki pregled obavljat \u0107e se:<\/p>\n<p style=\"text-align: center;\">&#8211; 30. travnja 2013. godine<\/p>\n<p style=\"text-align: center;\"><em>&#8211; 2. svibnja 2013. godine<\/em><\/p>\n<p style=\"text-align: center;\"><em>&#8211; 03. svibnja 2013. godine<\/em><\/p>\n<p style=\"text-align: center;\"><em>&#8211; 06. svibnja 2013. godine<\/em><\/p>\n<p style=\"text-align: center;\">ispred Dru\u0161tvenog doma Belica.<\/p>\n","protected":false},"excerpt":{"rendered":"<p>&nbsp; Centar za vozila Hrvatske &#8211; Stanice za tehni\u010dki pregled vozila obavljat \u0107e i ove godine tehni\u010dki pregled traktora i traktorskih prikolica na terenu. &nbsp; U Op\u0107ini Belica tehni\u010dki pregled obavljat \u0107e se: &#8211; 30. travnja 2013. godine &#8211; 2. svibnja 2013. godine &#8211; 03. svibnja 2013. godine &#8211; 06. svibnja 2013. godine ispred Dru\u0161tvenog [&hellip;]<\/p>\n","protected":false},"author":1,"featured_media":0,"comment_status":"closed","ping_status":"closed","sticky":false,"template":"","format":"standard","meta":{"footnotes":""},"categories":[94],"tags":[370,368,369],"class_list":["post-3122","post","type-post","status-publish","format-standard","hentry","category-javni-pozivi","tag-prikolica","tag-tehnicki-pregled","tag-traktor"],"_links":{"self":[{"href":"https:\/\/www.belica.hr\/wp\/wp-json\/wp\/v2\/posts\/3122","targetHints":{"allow":["GET"]}}],"collection":[{"href":"https:\/\/www.belica.hr\/wp\/wp-json\/wp\/v2\/posts"}],"about":[{"href":"https:\/\/www.belica.hr\/wp\/wp-json\/wp\/v2\/types\/post"}],"author":[{"embeddable":true,"href":"https:\/\/www.belica.hr\/wp\/wp-json\/wp\/v2\/users\/1"}],"replies":[{"embeddable":true,"href":"https:\/\/www.belica.hr\/wp\/wp-json\/wp\/v2\/comments?post=3122"}],"version-history":[{"count":8,"href":"https:\/\/www.belica.hr\/wp\/wp-json\/wp\/v2\/posts\/3122\/revisions"}],"predecessor-version":[{"id":7100,"href":"https:\/\/www.belica.hr\/wp\/wp-json\/wp\/v2\/posts\/3122\/revisions\/7100"}],"wp:attachment":[{"href":"https:\/\/www.belica.hr\/wp\/wp-json\/wp\/v2\/media?parent=3122"}],"wp:term":[{"taxonomy":"category","embeddable":true,"href":"https:\/\/www.belica.hr\/wp\/wp-json\/wp\/v2\/categories?post=3122"},{"taxonomy":"post_tag","embeddable":true,"href":"https:\/\/www.belica.hr\/wp\/wp-json\/wp\/v2\/tags?post=3122"}],"curies":[{"name":"wp","href":"https:\/\/api.w.org\/{rel}","templated":true}]}}