{"id":3241,"date":"2013-05-03T11:25:44","date_gmt":"2013-05-03T11:25:44","guid":{"rendered":"http:\/\/www.belica.hr\/wp\/?p=3241"},"modified":"2013-05-03T11:25:44","modified_gmt":"2013-05-03T11:25:44","slug":"lokalni-izbori-2013-objava-pravovaljanih-kandidatura","status":"publish","type":"post","link":"https:\/\/www.belica.hr\/wp\/lokalni-izbori-2013-objava-pravovaljanih-kandidatura\/","title":{"rendered":"Lokalni izbori 2013.: objava pravovaljanih kandidatura"},"content":{"rendered":"<p><a href=\"https:\/\/www.belica.hr\/wp\/wp-content\/uploads\/2013\/05\/1.jpg\"><img decoding=\"async\" class=\"alignleft size-thumbnail wp-image-3264\" title=\"1\" src=\"https:\/\/www.belica.hr\/wp\/wp-content\/uploads\/2013\/05\/1-150x150.jpg\" alt=\"\" width=\"150\" height=\"150\" srcset=\"https:\/\/www.belica.hr\/wp\/wp-content\/uploads\/2013\/05\/1-150x150.jpg 150w, https:\/\/www.belica.hr\/wp\/wp-content\/uploads\/2013\/05\/1-300x300.jpg 300w, https:\/\/www.belica.hr\/wp\/wp-content\/uploads\/2013\/05\/1-1024x1024.jpg 1024w, https:\/\/www.belica.hr\/wp\/wp-content\/uploads\/2013\/05\/1.jpg 1080w\" sizes=\"(max-width: 150px) 100vw, 150px\" \/><\/a><\/p>\n<p><strong>Objava pravovaljanih kandidatura za izbor Op\u0107inskog na\u010delnika Op\u0107ine Belica i pravovaljane kandidacijske liste za izbor \u010dlanica\/\u010dlanova Op\u0107inskog vije\u0107a Op\u0107ine Belica!<\/strong><\/p>\n<p><span style=\"color: #ffffff;\">.<\/span><\/p>\n<p>Objava pravovaljanih kandidacijskih lista za izbor \u010dlanica\/\u010dlanova Op\u0107inskog vije\u0107a Op\u0107ine Belica:<\/p>\n<p><a href=\"https:\/\/www.belica.hr\/wp\/wp-content\/uploads\/2013\/05\/Zbirna-lista-op\u0107insko-vije\u0107e1.pdf\" class=\"mtli_attachment mtli_pdf\">Zbirna lista &#8211; op\u0107insko vije\u0107e<\/a><\/p>\n<p><a href=\"https:\/\/www.belica.hr\/wp\/wp-content\/uploads\/2013\/05\/Lista-op\u0107.vije\u0107e-HDZ-HSP1.pdf\" class=\"mtli_attachment mtli_pdf\">Lista op\u0107.vije\u0107e HDZ-HSP<\/a><\/p>\n<p><a href=\"https:\/\/www.belica.hr\/wp\/wp-content\/uploads\/2013\/05\/Lista-op\u0107.vije\u0107e-HL-SR1.pdf\" class=\"mtli_attachment mtli_pdf\">Lista op\u0107.vije\u0107e HL-SR<\/a><\/p>\n<p><a href=\"https:\/\/www.belica.hr\/wp\/wp-content\/uploads\/2013\/05\/Lista-op\u0107.vije\u0107e-HNS-LD1.pdf\" class=\"mtli_attachment mtli_pdf\">Lista op\u0107.vije\u0107e HNS-LD<\/a><\/p>\n<p><a href=\"https:\/\/www.belica.hr\/wp\/wp-content\/uploads\/2013\/05\/Lista-op\u0107.vije\u0107e-HSS1.pdf\" class=\"mtli_attachment mtli_pdf\">Lista op\u0107.vije\u0107e HSS<\/a><\/p>\n<p><a href=\"https:\/\/www.belica.hr\/wp\/wp-content\/uploads\/2013\/05\/Lista-op\u0107.vije\u0107e-SDP1.pdf\" class=\"mtli_attachment mtli_pdf\">Lista op\u0107.vije\u0107e SDP<\/a><\/p>\n<p>Objava pravovaljanih kandidatura za izbor Op\u0107inskog na\u010delnika Op\u0107ine Belica:<\/p>\n<p><a href=\"https:\/\/www.belica.hr\/wp\/wp-content\/uploads\/2013\/05\/Zbirna-lista-na\u010delnici1.pdf\" class=\"mtli_attachment mtli_pdf\">Zbirna lista &#8211; na\u010delnici<\/a><\/p>\n<p><a href=\"https:\/\/www.belica.hr\/wp\/wp-content\/uploads\/2013\/05\/Kandidatura-Ru\u017ei\u01071.pdf\" class=\"mtli_attachment mtli_pdf\">Kandidatura Ru\u017ei\u0107<\/a><\/p>\n<p><a href=\"https:\/\/www.belica.hr\/wp\/wp-content\/uploads\/2013\/05\/Kandidatura-Taradi1.pdf\" class=\"mtli_attachment mtli_pdf\">Kandidatura Taradi<\/a><\/p>\n","protected":false},"excerpt":{"rendered":"<p>Objava pravovaljanih kandidatura za izbor Op\u0107inskog na\u010delnika Op\u0107ine Belica i pravovaljane kandidacijske liste za izbor \u010dlanica\/\u010dlanova Op\u0107inskog vije\u0107a Op\u0107ine Belica! . Objava pravovaljanih kandidacijskih lista za izbor \u010dlanica\/\u010dlanova Op\u0107inskog vije\u0107a Op\u0107ine Belica: Zbirna lista &#8211; op\u0107insko vije\u0107e Lista op\u0107.vije\u0107e HDZ-HSP Lista op\u0107.vije\u0107e HL-SR Lista op\u0107.vije\u0107e HNS-LD Lista op\u0107.vije\u0107e HSS Lista op\u0107.vije\u0107e SDP Objava pravovaljanih kandidatura [&hellip;]<\/p>\n","protected":false},"author":1,"featured_media":0,"comment_status":"closed","ping_status":"closed","sticky":false,"template":"","format":"standard","meta":{"footnotes":""},"categories":[385],"tags":[389,388,386,387],"class_list":["post-3241","post","type-post","status-publish","format-standard","hentry","category-lokalni-izbori-2013","tag-izbori-belica","tag-lokalni-izbori-2013-opcina-belica","tag-objava-liste","tag-opcina-belica-lokalni-izbori"],"_links":{"self":[{"href":"https:\/\/www.belica.hr\/wp\/wp-json\/wp\/v2\/posts\/3241","targetHints":{"allow":["GET"]}}],"collection":[{"href":"https:\/\/www.belica.hr\/wp\/wp-json\/wp\/v2\/posts"}],"about":[{"href":"https:\/\/www.belica.hr\/wp\/wp-json\/wp\/v2\/types\/post"}],"author":[{"embeddable":true,"href":"https:\/\/www.belica.hr\/wp\/wp-json\/wp\/v2\/users\/1"}],"replies":[{"embeddable":true,"href":"https:\/\/www.belica.hr\/wp\/wp-json\/wp\/v2\/comments?post=3241"}],"version-history":[{"count":16,"href":"https:\/\/www.belica.hr\/wp\/wp-json\/wp\/v2\/posts\/3241\/revisions"}],"predecessor-version":[{"id":3276,"href":"https:\/\/www.belica.hr\/wp\/wp-json\/wp\/v2\/posts\/3241\/revisions\/3276"}],"wp:attachment":[{"href":"https:\/\/www.belica.hr\/wp\/wp-json\/wp\/v2\/media?parent=3241"}],"wp:term":[{"taxonomy":"category","embeddable":true,"href":"https:\/\/www.belica.hr\/wp\/wp-json\/wp\/v2\/categories?post=3241"},{"taxonomy":"post_tag","embeddable":true,"href":"https:\/\/www.belica.hr\/wp\/wp-json\/wp\/v2\/tags?post=3241"}],"curies":[{"name":"wp","href":"https:\/\/api.w.org\/{rel}","templated":true}]}}