{"id":4876,"date":"2014-05-20T07:11:09","date_gmt":"2014-05-20T07:11:09","guid":{"rendered":"http:\/\/www.belica.hr\/wp\/?p=4876"},"modified":"2014-05-20T07:11:09","modified_gmt":"2014-05-20T07:11:09","slug":"pomozimo-nasoj-slavoniji","status":"publish","type":"post","link":"https:\/\/www.belica.hr\/wp\/pomozimo-nasoj-slavoniji\/","title":{"rendered":"POMOZIMO NA\u0160OJ SLAVONIJI!"},"content":{"rendered":"<p><!--[if !mso]>\n\n\n\n<style>\nv\\:* {behavior:url(#default#VML);}\no\\:* {behavior:url(#default#VML);}\nb\\:* {behavior:url(#default#VML);}\n.shape {behavior:url(#default#VML);}\n<\/style>\n\n<![endif]--><\/p>\n<p><!--[if pub]><xml>\n<b:Publication type=\"OplPub\" oty=\"68\" oh=\"256\">\n<b:OhPrintBlock priv=\"30E\">280<\/b:OhPrintBlock>\n<b:NuDefaultUnits priv=\"1004\">1<\/b:NuDefaultUnits>\n<b:DptlPageDimensions type=\"OplPt\" priv=\"1211\">\n<b:Xl priv=\"104\">7560000<\/b:Xl>\n<b:Yl priv=\"204\">10692000<\/b:Yl>\n<\/b:DptlPageDimensions>\n<b:DxlDefaultTab priv=\"1504\">359410<\/b:DxlDefaultTab>\n<b:OhGallery priv=\"180E\">259<\/b:OhGallery>\n<b:OhFancyBorders priv=\"190E\">261<\/b:OhFancyBorders>\n<b:OhCaptions priv=\"1A0E\">257<\/b:OhCaptions>\n<b:OhQuillDoc priv=\"200E\">275<\/b:OhQuillDoc>\n<b:OhMailMergeData priv=\"210E\">262<\/b:OhMailMergeData>\n<b:OhColorScheme priv=\"220E\">278<\/b:OhColorScheme>\n<b:DwNextUniqueOid priv=\"2304\">1<\/b:DwNextUniqueOid>\n<b:IdentGUID priv=\"2A07\">0VS&quot;2UREJ!4&amp;U[0*(E2?K]@<\/b:IdentGUID>\n<b:DpgSpecial priv=\"2C03\">5<\/b:DpgSpecial>\n<b:CTimesEdited priv=\"3C04\">1<\/b:CTimesEdited>\n<b:NuDefaultUnitsEx priv=\"4104\">1<\/b:NuDefaultUnitsEx>\n<\/b:Publication>\n<b:PrinterInfo type=\"OplPrb\" oty=\"75\" oh=\"280\">\n<b:OhColorSepBlock priv=\"30E\">281<\/b:OhColorSepBlock>\n<b:FInitComplete priv=\"1400\">False<\/b:FInitComplete>\n<b:DpiX priv=\"2203\">0<\/b:DpiX>\n<b:DpiY priv=\"2303\">0<\/b:DpiY>\n<\/b:PrinterInfo>\n<b:ColorSeperationInfo type=\"OplCsb\" oty=\"79\" oh=\"281\">\n<b:Plates type=\"OplCsp\" priv=\"214\">\n<b:OplCsp type=\"OplCsp\" priv=\"11\">\n<b:EcpPlate type=\"OplEcp\" priv=\"213\">\n<b:Color priv=\"104\">-1<\/b:Color>\n<\/b:EcpPlate>\n<\/b:OplCsp>\n<\/b:Plates>\n<b:DzlOverprintMost priv=\"304\">304800<\/b:DzlOverprintMost>\n<b:CprOverprintMin priv=\"404\">243<\/b:CprOverprintMin>\n<b:FKeepawayTrap priv=\"700\">True<\/b:FKeepawayTrap>\n<b:CprTrapMin1 priv=\"904\">128<\/b:CprTrapMin1>\n<b:CprTrapMin2 priv=\"A04\">77<\/b:CprTrapMin2>\n<b:CprKeepawayMin priv=\"B04\">255<\/b:CprKeepawayMin>\n<b:DzlTrap priv=\"C04\">3175<\/b:DzlTrap>\n<b:DzlIndTrap priv=\"D04\">3175<\/b:DzlIndTrap>\n<b:PctCenterline priv=\"E04\">70<\/b:PctCenterline>\n<b:FMarksRegistration priv=\"F00\">True<\/b:FMarksRegistration>\n<b:FMarksJob priv=\"1000\">True<\/b:FMarksJob>\n<b:FMarksDensity priv=\"1100\">True<\/b:FMarksDensity>\n<b:FMarksColor priv=\"1200\">True<\/b:FMarksColor>\n<b:FLineScreenDefault priv=\"1300\">True<\/b:FLineScreenDefault>\n<\/b:ColorSeperationInfo>\n<b:TextDocProperties type=\"OplDocq\" oty=\"91\" oh=\"275\">\n<b:OhPlcqsb priv=\"20E\">277<\/b:OhPlcqsb>\n<b:EcpSplitMenu type=\"OplEcp\" priv=\"A13\">\n<b:Color>134217728<\/b:Color>\n<\/b:EcpSplitMenu>\n<\/b:TextDocProperties>\n<b:StoryBlock type=\"OplPlcQsb\" oty=\"101\" oh=\"277\">\n<b:IqsbMax priv=\"104\">1<\/b:IqsbMax>\n<b:Rgqsb type=\"OplQsb\" priv=\"214\">\n<b:OplQsb type=\"OplQsb\" priv=\"11\">\n<b:Qsid priv=\"104\">5<\/b:Qsid>\n<b:TomfCopyfitBase priv=\"80B\">-9999996.000000<\/b:TomfCopyfitBase>\n<b:TomfCopyfitBase2 priv=\"90B\">-9999996.000000<\/b:TomfCopyfitBase2>\n<\/b:OplQsb>\n<\/b:Rgqsb>\n<\/b:StoryBlock>\n<b:ColorScheme type=\"OplSccm\" oty=\"92\" oh=\"278\">\n<b:Cecp priv=\"104\">8<\/b:Cecp>\n<b:Rgecp type=\"OplEcp\" priv=\"214\">\n<b:OplEcp priv=\"F\">Empty<\/b:OplEcp>\n<b:OplEcp type=\"OplEcp\" priv=\"111\">\n<b:Color>16711680<\/b:Color>\n<\/b:OplEcp>\n<b:OplEcp type=\"OplEcp\" priv=\"211\">\n<b:Color>52479<\/b:Color>\n<\/b:OplEcp>\n<b:OplEcp type=\"OplEcp\" priv=\"311\">\n<b:Color>26367<\/b:Color>\n<\/b:OplEcp>\n<b:OplEcp type=\"OplEcp\" priv=\"411\">\n<b:Color>13421772<\/b:Color>\n<\/b:OplEcp>\n<b:OplEcp type=\"OplEcp\" priv=\"511\">\n<b:Color>16737792<\/b:Color>\n<\/b:OplEcp>\n<b:OplEcp type=\"OplEcp\" priv=\"611\">\n<b:Color>13382502<\/b:Color>\n<\/b:OplEcp>\n<b:OplEcp type=\"OplEcp\" priv=\"711\">\n<b:Color>16777215<\/b:Color>\n<\/b:OplEcp>\n<\/b:Rgecp>\n<b:SzSchemeName priv=\"618\">Bluebird<\/b:SzSchemeName>\n<\/b:ColorScheme>\n<\/xml><![endif]--><!--[if pub]><xml>\n<b:Page type=\"OplPd\" oty=\"67\" oh=\"265\">\n<b:PtlvOrigin type=\"OplPt\" priv=\"511\">\n<b:Xl>22858575<\/b:Xl>\n<b:Yl>22852950<\/b:Yl>\n<\/b:PtlvOrigin>\n<b:Oid priv=\"605\">(`@`````````<\/b:Oid>\n<b:OhoplWebPageProps priv=\"90E\">266<\/b:OhoplWebPageProps>\n<b:OhpdMaster priv=\"D0D\">263<\/b:OhpdMaster>\n<b:PgtType priv=\"1004\">5<\/b:PgtType>\n<b:PtlvOriginEx type=\"OplPt\" priv=\"1111\">\n<b:Xl>110183775<\/b:Xl>\n<b:Yl>110178150<\/b:Yl>\n<\/b:PtlvOriginEx>\n<\/b:Page>\n<\/xml><![endif]--><!--[if gte mso 9]><xml>\n<o:shapedefaults v:ext=\"edit\" spidmax=\"3075\" fill=\"f\" fillcolor=\"white [7]\"\nstrokecolor=\"black [0]\">\n<v:fill color=\"white [7]\" color2=\"white [7]\" on=\"f\"\/>\n<v:stroke color=\"black [0]\" color2=\"white [7]\">\n<o:left v:ext=\"view\" color=\"black [0]\" color2=\"white [7]\"\/>\n<o:top v:ext=\"view\" color=\"black [0]\" color2=\"white [7]\"\/>\n<o:right v:ext=\"view\" color=\"black [0]\" color2=\"white [7]\"\/>\n<o:bottom v:ext=\"view\" color=\"black [0]\" color2=\"white [7]\"\/>\n<o:column v:ext=\"view\" color=\"black [0]\" color2=\"white [7]\"\/>\n<\/v:stroke>\n<v:shadow color=\"#ccc [4]\"\/>\n<v:textbox inset=\"2.88pt,2.88pt,2.88pt,2.88pt\"\/>\n<o:colormenu v:ext=\"edit\" fillcolor=\"blue [1]\" strokecolor=\"black [0]\"\nshadowcolor=\"#ccc [4]\"\/>\n<\/o:shapedefaults><o:shapelayout v:ext=\"edit\">\n<o:idmap v:ext=\"edit\" data=\"1\"\/>\n<\/o:shapelayout><\/xml><![endif]--><a href=\"https:\/\/www.belica.hr\/wp\/wp-content\/uploads\/2014\/05\/logo_hck.jpg\"><img decoding=\"async\" class=\"alignleft size-thumbnail wp-image-4880\" alt=\"logo_hck\" src=\"https:\/\/www.belica.hr\/wp\/wp-content\/uploads\/2014\/05\/logo_hck-150x150.jpg\" width=\"150\" height=\"150\" srcset=\"https:\/\/www.belica.hr\/wp\/wp-content\/uploads\/2014\/05\/logo_hck-150x150.jpg 150w, https:\/\/www.belica.hr\/wp\/wp-content\/uploads\/2014\/05\/logo_hck-300x298.jpg 300w, https:\/\/www.belica.hr\/wp\/wp-content\/uploads\/2014\/05\/logo_hck-1024x1017.jpg 1024w, https:\/\/www.belica.hr\/wp\/wp-content\/uploads\/2014\/05\/logo_hck-302x300.jpg 302w, https:\/\/www.belica.hr\/wp\/wp-content\/uploads\/2014\/05\/logo_hck.jpg 1200w\" sizes=\"(max-width: 150px) 100vw, 150px\" \/><\/a><span style=\"font-size: 12.0pt; font-family: Arial; mso-default-font-family: Arial; mso-ascii-font-family: Arial; mso-latin-font-family: Arial; mso-greek-font-family: Arial; mso-cyrillic-font-family: Arial; mso-hebrew-font-family: Arial; mso-arabic-font-family: Arial; mso-latinext-font-family: Arial; language: HR; mso-ansi-language: HR;\">Po\u0161tovani mje\u0161tani Op\u0107ine Belica,<\/span><\/p>\n<p class=\"MsoNormal\" style=\"mso-pagination: none; text-align: justify; text-justify: newspaper; text-kashida-space: 50%;\"><span style=\"font-size: 12.0pt; font-family: Arial; mso-default-font-family: Arial; mso-ascii-font-family: Arial; mso-latin-font-family: Arial; mso-greek-font-family: Arial; mso-cyrillic-font-family: Arial; mso-hebrew-font-family: Arial; mso-arabic-font-family: Arial; mso-latinext-font-family: Arial; language: HR; mso-ansi-language: HR;\">obavje\u0161tavamo Vas da je organizirano sakupljanje potrep\u0161tina za<span style=\"mso-spacerun: yes;\">\u00a0 <\/span>stanovnike<span style=\"mso-spacerun: yes;\">\u00a0 <\/span>poplavljenih podru\u010dja u Republici Hrvatskoj, te molimo sve koji mogu da pomognu darovanjem hrane (isklju\u010divo trajnih namirnica), <\/span><span style=\"font-size: 12.0pt; font-family: Arial; mso-default-font-family: Arial; mso-ascii-font-family: Arial; mso-latin-font-family: Arial; mso-greek-font-family: Arial; mso-cyrillic-font-family: Arial; mso-hebrew-font-family: Arial; mso-arabic-font-family: Arial; mso-latinext-font-family: Arial; text-decoration: underline; text-underline: single; font-weight: bold; language: HR; mso-ansi-language: HR;\">vode,<\/span><span style=\"font-size: 12.0pt; font-family: Arial; mso-default-font-family: Arial; mso-ascii-font-family: Arial; mso-latin-font-family: Arial; mso-greek-font-family: Arial; mso-cyrillic-font-family: Arial; mso-hebrew-font-family: Arial; mso-arabic-font-family: Arial; mso-latinext-font-family: Arial; language: HR; mso-ansi-language: HR;\"> tekstila, proizvoda za odr\u017eavanje higijene\u2026<\/span><\/p>\n<p class=\"MsoNormal\" style=\"mso-pagination: none; text-align: justify; text-justify: newspaper; text-kashida-space: 50%;\"><span style=\"font-size: 12.0pt; font-family: Arial; mso-default-font-family: Arial; mso-ascii-font-family: Arial; mso-latin-font-family: Arial; mso-greek-font-family: Arial; mso-cyrillic-font-family: Arial; mso-hebrew-font-family: Arial; mso-arabic-font-family: Arial; mso-latinext-font-family: Arial; language: HR; mso-ansi-language: HR;\">Sakupljanje \u0107e se odr\u017eati u srijedu 21. svibnja 2014. godine, od 8,00 do 19,00 sati;<\/span><\/p>\n<p class=\"MsoNormal\" style=\"mso-pagination: none; text-align: justify; text-justify: newspaper; text-kashida-space: 50%;\"><span style=\"font-size: 12.0pt; font-family: Arial; mso-default-font-family: Arial; mso-ascii-font-family: Arial; mso-latin-font-family: Arial; mso-greek-font-family: Arial; mso-cyrillic-font-family: Arial; mso-hebrew-font-family: Arial; mso-arabic-font-family: Arial; mso-latinext-font-family: Arial; language: HR; mso-ansi-language: HR;\">u Belici &#8211; u Dru\u0161tvenom domu Belica<\/span><\/p>\n<p class=\"MsoNormal\" style=\"mso-pagination: none; text-align: justify; text-justify: newspaper; text-kashida-space: 50%;\"><span style=\"font-size: 12.0pt; font-family: Arial; mso-default-font-family: Arial; mso-ascii-font-family: Arial; mso-latin-font-family: Arial; mso-greek-font-family: Arial; mso-cyrillic-font-family: Arial; mso-hebrew-font-family: Arial; mso-arabic-font-family: Arial; mso-latinext-font-family: Arial; language: HR; mso-ansi-language: HR;\">u Gardinovcu &#8211; u Dru\u0161tvenom domu Gardinovec<\/span><\/p>\n<p class=\"MsoNormal\" style=\"mso-pagination: none; text-align: justify; text-justify: newspaper; text-kashida-space: 50%;\"><span style=\"font-size: 12.0pt; font-family: Arial; mso-default-font-family: Arial; mso-ascii-font-family: Arial; mso-latin-font-family: Arial; mso-greek-font-family: Arial; mso-cyrillic-font-family: Arial; mso-hebrew-font-family: Arial; mso-arabic-font-family: Arial; mso-latinext-font-family: Arial; language: HR; mso-ansi-language: HR;\">Sve \u0161to \u0107e biti prikupljeno od mje\u0161tana, predat \u0107e se Hrvatskom Crvenom kri\u017eu!<\/span><\/p>\n<p class=\"MsoNormal\" style=\"mso-pagination: none; text-align: justify; text-justify: newspaper; text-kashida-space: 50%;\"><span style=\"font-size: 12.0pt; font-family: Arial; mso-default-font-family: Arial; mso-ascii-font-family: Arial; mso-latin-font-family: Arial; mso-greek-font-family: Arial; mso-cyrillic-font-family: Arial; mso-hebrew-font-family: Arial; mso-arabic-font-family: Arial; mso-latinext-font-family: Arial; language: HR; mso-ansi-language: HR;\">\u00a0<\/span><\/p>\n<p class=\"MsoNormal\" style=\"mso-pagination: none; text-align: right;\"><strong><span style=\"font-size: 12pt; font-family: Arial;\">Op\u0107inski na\u010delnik:<\/span><\/strong><\/p>\n<p class=\"MsoNormal\" style=\"mso-pagination: none; text-align: right;\"><strong><span style=\"font-size: 12pt; font-family: Arial;\">Zvonimir Taradi<\/span><\/strong><\/p>\n<p class=\"MsoNormal\" style=\"mso-pagination: none;\"><span style=\"font-family: 'Times New Roman'; language: HR;\">\u00a0<\/span><\/p>\n","protected":false},"excerpt":{"rendered":"<p>Po\u0161tovani mje\u0161tani Op\u0107ine Belica, obavje\u0161tavamo Vas da je organizirano sakupljanje potrep\u0161tina za\u00a0 stanovnike\u00a0 poplavljenih podru\u010dja u Republici Hrvatskoj, te molimo sve koji mogu da pomognu darovanjem hrane (isklju\u010divo trajnih namirnica), vode, tekstila, proizvoda za odr\u017eavanje higijene\u2026 Sakupljanje \u0107e se odr\u017eati u srijedu 21. svibnja 2014. godine, od 8,00 do 19,00 sati; u Belici &#8211; u [&hellip;]<\/p>\n","protected":false},"author":1,"featured_media":0,"comment_status":"closed","ping_status":"closed","sticky":false,"template":"","format":"standard","meta":{"footnotes":""},"categories":[94],"tags":[49,296,496,495],"class_list":["post-4876","post","type-post","status-publish","format-standard","hentry","category-javni-pozivi","tag-crveni-kriz","tag-humanitarno","tag-pomoc","tag-poplavljena-podrucja"],"_links":{"self":[{"href":"https:\/\/www.belica.hr\/wp\/wp-json\/wp\/v2\/posts\/4876","targetHints":{"allow":["GET"]}}],"collection":[{"href":"https:\/\/www.belica.hr\/wp\/wp-json\/wp\/v2\/posts"}],"about":[{"href":"https:\/\/www.belica.hr\/wp\/wp-json\/wp\/v2\/types\/post"}],"author":[{"embeddable":true,"href":"https:\/\/www.belica.hr\/wp\/wp-json\/wp\/v2\/users\/1"}],"replies":[{"embeddable":true,"href":"https:\/\/www.belica.hr\/wp\/wp-json\/wp\/v2\/comments?post=4876"}],"version-history":[{"count":3,"href":"https:\/\/www.belica.hr\/wp\/wp-json\/wp\/v2\/posts\/4876\/revisions"}],"predecessor-version":[{"id":4881,"href":"https:\/\/www.belica.hr\/wp\/wp-json\/wp\/v2\/posts\/4876\/revisions\/4881"}],"wp:attachment":[{"href":"https:\/\/www.belica.hr\/wp\/wp-json\/wp\/v2\/media?parent=4876"}],"wp:term":[{"taxonomy":"category","embeddable":true,"href":"https:\/\/www.belica.hr\/wp\/wp-json\/wp\/v2\/categories?post=4876"},{"taxonomy":"post_tag","embeddable":true,"href":"https:\/\/www.belica.hr\/wp\/wp-json\/wp\/v2\/tags?post=4876"}],"curies":[{"name":"wp","href":"https:\/\/api.w.org\/{rel}","templated":true}]}}