{"id":4883,"date":"2014-05-26T08:21:15","date_gmt":"2014-05-26T08:21:15","guid":{"rendered":"http:\/\/www.belica.hr\/wp\/?p=4883"},"modified":"2014-05-26T08:22:19","modified_gmt":"2014-05-26T08:22:19","slug":"odrzana-je-akcija-sakupljanje-potrepstina","status":"publish","type":"post","link":"https:\/\/www.belica.hr\/wp\/odrzana-je-akcija-sakupljanje-potrepstina\/","title":{"rendered":"Odr\u017eana je akcija sakupljanja potrep\u0161tina!"},"content":{"rendered":"<p style=\"text-align: justify;\">Po\u0161tovani mje\u0161tani Op\u0107ine Belica,<\/p>\n<p style=\"text-align: justify;\">obavje\u0161tavamo Vas da su prikupljene stvari u organiziranoj akciji sakupljanja potrep\u0161tina za stanovnike poplavljenih podru\u010dja u Republici Hrvatskoj predane Hrvatskom Crvenom kri\u017eu!<\/p>\n<p style=\"text-align: justify;\">Zahvaljujemo svim mje\u0161tanima koji su se odazvali ovoj akciji!<\/p>\n<p><a href=\"https:\/\/www.belica.hr\/wp\/wp-content\/uploads\/2014\/05\/CAM002371.jpg\"><img fetchpriority=\"high\" decoding=\"async\" class=\"aligncenter size-large wp-image-4884\" alt=\"CAM00237[1]\" src=\"https:\/\/www.belica.hr\/wp\/wp-content\/uploads\/2014\/05\/CAM002371-1024x768.jpg\" width=\"584\" height=\"438\" srcset=\"https:\/\/www.belica.hr\/wp\/wp-content\/uploads\/2014\/05\/CAM002371-1024x768.jpg 1024w, https:\/\/www.belica.hr\/wp\/wp-content\/uploads\/2014\/05\/CAM002371-300x225.jpg 300w, https:\/\/www.belica.hr\/wp\/wp-content\/uploads\/2014\/05\/CAM002371-400x300.jpg 400w\" sizes=\"(max-width: 584px) 100vw, 584px\" \/><\/a>\u00a0<!--more--><a href=\"https:\/\/www.belica.hr\/wp\/wp-content\/uploads\/2014\/05\/CAM002401.jpg\"><img decoding=\"async\" class=\"aligncenter size-large wp-image-4885\" alt=\"CAM00240[1]\" src=\"https:\/\/www.belica.hr\/wp\/wp-content\/uploads\/2014\/05\/CAM002401-1024x768.jpg\" width=\"584\" height=\"438\" srcset=\"https:\/\/www.belica.hr\/wp\/wp-content\/uploads\/2014\/05\/CAM002401-1024x768.jpg 1024w, https:\/\/www.belica.hr\/wp\/wp-content\/uploads\/2014\/05\/CAM002401-300x225.jpg 300w, https:\/\/www.belica.hr\/wp\/wp-content\/uploads\/2014\/05\/CAM002401-400x300.jpg 400w\" sizes=\"(max-width: 584px) 100vw, 584px\" \/><\/a> <a href=\"https:\/\/www.belica.hr\/wp\/wp-content\/uploads\/2014\/05\/CAM002421.jpg\"><img decoding=\"async\" class=\"aligncenter size-large wp-image-4886\" alt=\"CAM00242[1]\" src=\"https:\/\/www.belica.hr\/wp\/wp-content\/uploads\/2014\/05\/CAM002421-1024x768.jpg\" width=\"584\" height=\"438\" srcset=\"https:\/\/www.belica.hr\/wp\/wp-content\/uploads\/2014\/05\/CAM002421-1024x768.jpg 1024w, https:\/\/www.belica.hr\/wp\/wp-content\/uploads\/2014\/05\/CAM002421-300x225.jpg 300w, https:\/\/www.belica.hr\/wp\/wp-content\/uploads\/2014\/05\/CAM002421-400x300.jpg 400w\" sizes=\"(max-width: 584px) 100vw, 584px\" \/><\/a><\/p>\n","protected":false},"excerpt":{"rendered":"<p>Po\u0161tovani mje\u0161tani Op\u0107ine Belica, obavje\u0161tavamo Vas da su prikupljene stvari u organiziranoj akciji sakupljanja potrep\u0161tina za stanovnike poplavljenih podru\u010dja u Republici Hrvatskoj predane Hrvatskom Crvenom kri\u017eu! Zahvaljujemo svim mje\u0161tanima koji su se odazvali ovoj akciji! \u00a0<\/p>\n","protected":false},"author":1,"featured_media":0,"comment_status":"closed","ping_status":"closed","sticky":false,"template":"","format":"standard","meta":{"footnotes":""},"categories":[1],"tags":[],"class_list":["post-4883","post","type-post","status-publish","format-standard","hentry","category-opcina-belica"],"_links":{"self":[{"href":"https:\/\/www.belica.hr\/wp\/wp-json\/wp\/v2\/posts\/4883","targetHints":{"allow":["GET"]}}],"collection":[{"href":"https:\/\/www.belica.hr\/wp\/wp-json\/wp\/v2\/posts"}],"about":[{"href":"https:\/\/www.belica.hr\/wp\/wp-json\/wp\/v2\/types\/post"}],"author":[{"embeddable":true,"href":"https:\/\/www.belica.hr\/wp\/wp-json\/wp\/v2\/users\/1"}],"replies":[{"embeddable":true,"href":"https:\/\/www.belica.hr\/wp\/wp-json\/wp\/v2\/comments?post=4883"}],"version-history":[{"count":4,"href":"https:\/\/www.belica.hr\/wp\/wp-json\/wp\/v2\/posts\/4883\/revisions"}],"predecessor-version":[{"id":4890,"href":"https:\/\/www.belica.hr\/wp\/wp-json\/wp\/v2\/posts\/4883\/revisions\/4890"}],"wp:attachment":[{"href":"https:\/\/www.belica.hr\/wp\/wp-json\/wp\/v2\/media?parent=4883"}],"wp:term":[{"taxonomy":"category","embeddable":true,"href":"https:\/\/www.belica.hr\/wp\/wp-json\/wp\/v2\/categories?post=4883"},{"taxonomy":"post_tag","embeddable":true,"href":"https:\/\/www.belica.hr\/wp\/wp-json\/wp\/v2\/tags?post=4883"}],"curies":[{"name":"wp","href":"https:\/\/api.w.org\/{rel}","templated":true}]}}