{"id":5417,"date":"2014-09-26T07:54:29","date_gmt":"2014-09-26T07:54:29","guid":{"rendered":"http:\/\/www.belica.hr\/wp\/?p=5417"},"modified":"2014-09-26T07:54:29","modified_gmt":"2014-09-26T07:54:29","slug":"odrzana-je-8-sjednica-opcinskog-vijeca-opcine-belica","status":"publish","type":"post","link":"https:\/\/www.belica.hr\/wp\/odrzana-je-8-sjednica-opcinskog-vijeca-opcine-belica\/","title":{"rendered":"Odr\u017eana je 8. sjednica Op\u0107inskog vije\u0107a Op\u0107ine Belica"},"content":{"rendered":"<h1><span style=\"color: #808080;\"><em><strong>11. rujna 2014. godine odr\u017eana je 8. sjednica Op\u0107inskog vije\u0107a.<\/strong><\/em><\/span><\/h1>\n<p>&nbsp;<\/p>\n<p style=\"text-align: center;\"><strong>Link na najavu sjednice: <\/strong><\/p>\n<p style=\"text-align: center;\"><strong><a href=\"https:\/\/www.belica.hr\/wp\/odrzat-ce-se-8-sjednica-opcinskog-vijeca\/\">https:\/\/www.belica.hr\/wp\/odrzat-ce-se-8-sjednica-opcinskog-vijeca\/<\/a><\/strong><\/p>\n<p style=\"text-align: center;\"><span style=\"color: #ffffff;\">&#8230;<\/span><\/p>\n<p><a href=\"https:\/\/www.belica.hr\/wp\/wp-content\/uploads\/2014\/09\/poziv.doc\" class=\"mtli_attachment mtli_doc\">Link na Dnevni red: Poziv<\/a><\/p>\n<p><a href=\"https:\/\/www.belica.hr\/wp\/wp-content\/uploads\/2014\/09\/dopuna-dnevnom-redu.doc\" class=\"mtli_attachment mtli_doc\">Link: na Dopunu Dnevnog reda<\/a><\/p>\n<p><span style=\"color: #ffffff;\">&#8230;<\/span><\/p>\n<p><span style=\"text-decoration: underline;\"><strong>Donijeti akti:<\/strong><\/span><\/p>\n<p><a href=\"https:\/\/www.belica.hr\/wp\/wp-content\/uploads\/2014\/09\/ODLUKA-O-USVAJANJU-POLUGODI\u0160NJEG-IZVJE\u0160TAJA-O-IZVR\u0160ENJU-PRORA\u010cUNA.doc\" class=\"mtli_attachment mtli_doc\">ODLUKA O USVAJANJU POLUGODI\u0160NJEG IZVJE\u0160TAJA O IZVR\u0160ENJU PRORA\u010cUNA<\/a><\/p>\n<p><a href=\"https:\/\/www.belica.hr\/wp\/wp-content\/uploads\/2014\/09\/Izvr\u0161enje-prora\u010duna-do-30.06.20141.rtf\"><b>POLUGODI\u0160NJI IZVJ\u0160TAJ O<\/b> <b>IZVR\u0160ENJU PRORA\u010cUNA<\/b><\/a><\/p>\n<p><a href=\"https:\/\/www.belica.hr\/wp\/wp-content\/uploads\/2014\/09\/1.-IZMJENE-I-DOPUNE-PRORA\u010cUNA-OP\u0106INE-BELICA-ZA-2014.-godinu.rtf\">1. IZMJENE I DOPUNE PRORA\u010cUNA OP\u0106INE BELICA ZA 2014. godinu<\/a><\/p>\n<p><a href=\"https:\/\/www.belica.hr\/wp\/wp-content\/uploads\/2014\/09\/odluka-o-koeficijentima-za-obra\u010dun-pla\u0107a-SLU\u017dBENIKA-I-NAMJE\u0160TENIKA.doc\" class=\"mtli_attachment mtli_doc\">Odluka o koeficijentima za obra\u010dun pla\u0107a SLU\u017dBENIKA I NAMJE\u0160TENIKA<\/a><\/p>\n<p><a href=\"https:\/\/www.belica.hr\/wp\/wp-content\/uploads\/2014\/09\/ODLUKA-O-DONO\u0160ENJU-I.-izmjena-i-dopuna-Detaljnog-plana-ure\u0111enja-gospodarske-zone-u-jugozapadnom-dijelu-Belice.doc\" class=\"mtli_attachment mtli_doc\">ODLUKA O DONO\u0160ENJU I. izmjena i dopuna Detaljnog plana ure\u0111enja gospodarske zone u jugozapadnom dijelu Belice<\/a><\/p>\n<p><a href=\"https:\/\/www.belica.hr\/wp\/wp-content\/uploads\/2014\/09\/ODLUKA-O-POKRETANJU-POSTUPKA-IZRADE-DPU-GROBLJA-BELICA.doc\" class=\"mtli_attachment mtli_doc\">ODLUKA O POKRETANJU POSTUPKA IZRADE DPU GROBLJA BELICA<\/a><\/p>\n<p><a href=\"https:\/\/www.belica.hr\/wp\/wp-content\/uploads\/2014\/09\/ODLUKA-O-UTVR\u0110IVANJU-CIJENA-ZA-NAPLATU-USLUGA-TE-SUFINANCIRANJU-BORAVKA-DJECE-U-PRED\u0160KOLSKIM-USTANOVAMA.doc\" class=\"mtli_attachment mtli_doc\">ODLUKA O UTVR\u0110IVANJU CIJENA ZA NAPLATU USLUGA TE SUFINANCIRANJU BORAVKA DJECE U PRED\u0160KOLSKIM USTANOVAMA<\/a><\/p>\n<p><a href=\"https:\/\/www.belica.hr\/wp\/wp-content\/uploads\/2014\/09\/dvd-belica100031.jpg\"><img fetchpriority=\"high\" decoding=\"async\" class=\"alignleft  wp-image-5443\" alt=\"dvd belica10003\" src=\"https:\/\/www.belica.hr\/wp\/wp-content\/uploads\/2014\/09\/dvd-belica100031-1024x794.jpg\" width=\"584\" height=\"452\" srcset=\"https:\/\/www.belica.hr\/wp\/wp-content\/uploads\/2014\/09\/dvd-belica100031-1024x794.jpg 1024w, https:\/\/www.belica.hr\/wp\/wp-content\/uploads\/2014\/09\/dvd-belica100031-300x232.jpg 300w, https:\/\/www.belica.hr\/wp\/wp-content\/uploads\/2014\/09\/dvd-belica100031-386x300.jpg 386w, https:\/\/www.belica.hr\/wp\/wp-content\/uploads\/2014\/09\/dvd-belica100031.jpg 1500w\" sizes=\"(max-width: 584px) 100vw, 584px\" \/><\/a><\/p>\n<p>&nbsp;<\/p>\n<p><a href=\"https:\/\/www.belica.hr\/wp\/wp-content\/uploads\/2014\/09\/dvd-belica-3332.jpg\"><img decoding=\"async\" class=\"alignleft size-large wp-image-5442\" alt=\"dvd belica 333\" src=\"https:\/\/www.belica.hr\/wp\/wp-content\/uploads\/2014\/09\/dvd-belica-3332-796x1024.jpg\" width=\"584\" height=\"751\" srcset=\"https:\/\/www.belica.hr\/wp\/wp-content\/uploads\/2014\/09\/dvd-belica-3332-796x1024.jpg 796w, https:\/\/www.belica.hr\/wp\/wp-content\/uploads\/2014\/09\/dvd-belica-3332-233x300.jpg 233w, https:\/\/www.belica.hr\/wp\/wp-content\/uploads\/2014\/09\/dvd-belica-3332.jpg 1500w\" sizes=\"(max-width: 584px) 100vw, 584px\" \/><\/a><a href=\"https:\/\/www.belica.hr\/wp\/wp-content\/uploads\/2014\/09\/dvd-gardinovec00023.jpg\"><img decoding=\"async\" class=\"alignleft size-large wp-image-5444\" alt=\"dvd gardinovec0002\" src=\"https:\/\/www.belica.hr\/wp\/wp-content\/uploads\/2014\/09\/dvd-gardinovec00023-791x1024.jpg\" width=\"584\" height=\"756\" srcset=\"https:\/\/www.belica.hr\/wp\/wp-content\/uploads\/2014\/09\/dvd-gardinovec00023-791x1024.jpg 791w, https:\/\/www.belica.hr\/wp\/wp-content\/uploads\/2014\/09\/dvd-gardinovec00023-231x300.jpg 231w, https:\/\/www.belica.hr\/wp\/wp-content\/uploads\/2014\/09\/dvd-gardinovec00023.jpg 1500w\" sizes=\"(max-width: 584px) 100vw, 584px\" \/><\/a><a href=\"https:\/\/www.belica.hr\/wp\/wp-content\/uploads\/2014\/09\/ODLUKA-o-izmjeni-Odluke-o-osnovici-i-koeficijentu-za-obra\u010dun-pla\u0107a-op\u0107inskom-na\u010delniku-i-zamjeniku-op\u0107inskog-na\u010delnika-Op\u0107ine-B.1.doc\" class=\"mtli_attachment mtli_doc\">ODLUKA o izmjeni Odluke o osnovici i koeficijentu za obra\u010dun pla\u0107a op\u0107inskom na\u010delniku i zamjeniku op\u0107inskog na\u010delnika Op\u0107ine Belica<\/a><\/p>\n<p><strong>IZVOD IZ ZAPISNIKA: <a href=\"https:\/\/www.belica.hr\/wp\/wp-content\/uploads\/2014\/09\/IZVOD-IZ-ZAPISNIKA-SA-8.-SJEDNICE-OV-OB.doc\" class=\"mtli_attachment mtli_doc\">IZVOD IZ ZAPISNIKA SA 8. SJEDNICE OP\u0106INSKOG VIJE\u0106A OP\u0106INE BELICA<\/a><br \/>\n<\/strong><\/p>\n","protected":false},"excerpt":{"rendered":"<p>11. rujna 2014. godine odr\u017eana je 8. sjednica Op\u0107inskog vije\u0107a. &nbsp; Link na najavu sjednice: https:\/\/www.belica.hr\/wp\/odrzat-ce-se-8-sjednica-opcinskog-vijeca\/ &#8230; Link na Dnevni red: Poziv Link: na Dopunu Dnevnog reda &#8230; Donijeti akti: ODLUKA O USVAJANJU POLUGODI\u0160NJEG IZVJE\u0160TAJA O IZVR\u0160ENJU PRORA\u010cUNA POLUGODI\u0160NJI IZVJ\u0160TAJ O IZVR\u0160ENJU PRORA\u010cUNA 1. IZMJENE I DOPUNE PRORA\u010cUNA OP\u0106INE BELICA ZA 2014. godinu Odluka o [&hellip;]<\/p>\n","protected":false},"author":1,"featured_media":0,"comment_status":"closed","ping_status":"closed","sticky":false,"template":"","format":"standard","meta":{"footnotes":""},"categories":[26,91,33],"tags":[547,551,68,506,549,550,548,67],"class_list":["post-5417","post","type-post","status-publish","format-standard","hentry","category-dokumenti","category-sjednice-opcinskog-vijeca","category-vrtici","tag-8-sjednica-opcinskog-vijeca","tag-cijena-vrtica","tag-djecji-vrtic-belica","tag-groblje","tag-koeficijent","tag-placa","tag-place","tag-proracun"],"_links":{"self":[{"href":"https:\/\/www.belica.hr\/wp\/wp-json\/wp\/v2\/posts\/5417","targetHints":{"allow":["GET"]}}],"collection":[{"href":"https:\/\/www.belica.hr\/wp\/wp-json\/wp\/v2\/posts"}],"about":[{"href":"https:\/\/www.belica.hr\/wp\/wp-json\/wp\/v2\/types\/post"}],"author":[{"embeddable":true,"href":"https:\/\/www.belica.hr\/wp\/wp-json\/wp\/v2\/users\/1"}],"replies":[{"embeddable":true,"href":"https:\/\/www.belica.hr\/wp\/wp-json\/wp\/v2\/comments?post=5417"}],"version-history":[{"count":12,"href":"https:\/\/www.belica.hr\/wp\/wp-json\/wp\/v2\/posts\/5417\/revisions"}],"predecessor-version":[{"id":5448,"href":"https:\/\/www.belica.hr\/wp\/wp-json\/wp\/v2\/posts\/5417\/revisions\/5448"}],"wp:attachment":[{"href":"https:\/\/www.belica.hr\/wp\/wp-json\/wp\/v2\/media?parent=5417"}],"wp:term":[{"taxonomy":"category","embeddable":true,"href":"https:\/\/www.belica.hr\/wp\/wp-json\/wp\/v2\/categories?post=5417"},{"taxonomy":"post_tag","embeddable":true,"href":"https:\/\/www.belica.hr\/wp\/wp-json\/wp\/v2\/tags?post=5417"}],"curies":[{"name":"wp","href":"https:\/\/api.w.org\/{rel}","templated":true}]}}