{"id":5778,"date":"2014-12-05T13:15:31","date_gmt":"2014-12-05T13:15:31","guid":{"rendered":"http:\/\/www.belica.hr\/wp\/?p=5778"},"modified":"2014-12-05T13:29:43","modified_gmt":"2014-12-05T13:29:43","slug":"odrzat-ce-se-9-sjednica-opcinskog-vijeca","status":"publish","type":"post","link":"https:\/\/www.belica.hr\/wp\/odrzat-ce-se-9-sjednica-opcinskog-vijeca\/","title":{"rendered":"Odr\u017eat \u0107e se 9. sjednica Op\u0107inskog vije\u0107a"},"content":{"rendered":"<p style=\"text-align: center;\"><strong><i><span style=\"text-decoration: underline;\"><a href=\"https:\/\/www.belica.hr\/wp\/wp-content\/uploads\/2014\/12\/important1.jpg\"><img decoding=\"async\" class=\"alignleft size-thumbnail wp-image-5800\" alt=\"important1\" src=\"https:\/\/www.belica.hr\/wp\/wp-content\/uploads\/2014\/12\/important1-150x150.jpg\" width=\"150\" height=\"150\" \/><\/a>10. prosinca<\/span><\/i><i><span style=\"text-decoration: underline;\"> 2014. godine, s po\u010detkom u 18,00 sati u prostoriji &#8220;Male dvorane&#8221; odr\u017eat \u0107e se 9. sjednica Op\u0107inskog vije\u0107a Op\u0107ine Belica.<\/span><\/i><i><span style=\"text-decoration: underline;\"><br \/>\n<\/span><\/i><\/strong><\/p>\n<p align=\"center\"><i>Prije po\u010detka 9. sjednice Op\u0107inskog vije\u0107a Op\u0107ine Belica u\u010denici Osnovne \u0161kole Belica predstavit \u0107e svoju prezentaciju.<\/i><\/p>\n<p style=\"text-align: left;\" align=\"center\"><a href=\"https:\/\/www.belica.hr\/wp\/wp-content\/uploads\/2014\/12\/poziv.doc\" class=\"mtli_attachment mtli_doc\">POZIV NA 9. SJEDNICU OP\u0106INSKOG VIJE\u0106A<\/a><\/p>\n<p><strong><span style=\"text-decoration: underline;\">DNEVNI RED 9. SJEDNICE:<\/span><\/strong><\/p>\n<p><strong>1.\u00a0<\/strong><a href=\"https:\/\/www.belica.hr\/wp\/wp-content\/uploads\/2014\/12\/ODLUKA-O-PRODU\u017dENJU-UGOVORA-O-ZAKUPU-POSLOVNOG-PROSTORA-HP-HRVATSKA-PO\u0160TA-D.D..doc\" class=\"mtli_attachment mtli_doc\">Prijedlog Odluke o produ\u017eenju Ugovora o zakupu poslovnog prostora: HP \u2013 Hrvatska po\u0161ta d.d.<\/a> (materijal u prilogu) &#8211; predlagatelj je op\u0107inski na\u010delnik &#8211; predstavnik predlagatelja zadu\u017een za davanje obrazlo\u017eenja je op\u0107inski na\u010delnik, Zvonimir Taradi<\/p>\n<p>2.\u00a0<b><a href=\"https:\/\/www.belica.hr\/wp\/wp-content\/uploads\/2014\/12\/Odluka-o-povremenoj-dodjeli-prostora-politi\u010dkim-strankama.doc\" class=\"mtli_attachment mtli_doc\">Prijedlog Odluke o povremenoj dodjeli prostora politi\u010dkim strankama<\/a> <\/b>(materijal u prilogu) &#8211;\u00a0 predlagatelj je op\u0107inski na\u010delnik &#8211;\u00a0 predstavnik predlagatelja zadu\u017een za davanje obrazlo\u017eenja je op\u0107inski na\u010delnik, Zvonimir Taradi<\/p>\n<p>3. <b>Prijedlog Odluke o povremenoj dodjeli prostora udrugama Op\u0107ine Belica <\/b>(materijal naknadno) &#8211;\u00a0 predlagatelj je op\u0107inski na\u010delnik &#8211;\u00a0 predstavnik predlagatelja zadu\u017een za davanje obrazlo\u017eenja je op\u0107inski na\u010delnik, Zvonimir Taradi<\/p>\n<p>4.\u00a0<b><a href=\"https:\/\/www.belica.hr\/wp\/wp-content\/uploads\/2014\/12\/Odluka_o_izradi_UPU_groblja-u-Belici.docx\" class=\"mtli_attachment mtli_docx\">Prijedlog Odluke o izradi Urbanisti\u010dkog plana ure\u0111enja Groblja u Belici<\/a> <\/b>(materijal u prilogu) &#8211; predlagatelj je op\u0107inski na\u010delnik &#8211; predstavnik predlagatelja zadu\u017een za davanje obrazlo\u017eenja je op\u0107inski na\u010delnik, Zvonimir Taradi<\/p>\n<p>5.\u00a0<a href=\"https:\/\/www.belica.hr\/wp\/wp-content\/uploads\/2014\/12\/6.-Zaklju\u010dak-o-ocjeni-uskla\u0111enosti-Plana-za\u0161tite-od-po\u017eara-s-novonastalim-uvjetima-po\u017eara.doc\" class=\"mtli_attachment mtli_doc\">Prijedlog Zaklju\u010dka o ocjeni uskla\u0111enosti Plana za\u0161tite od po\u017eara s novonastalim <\/a><a href=\"https:\/\/www.belica.hr\/wp\/wp-content\/uploads\/2014\/12\/odluka-o-dono\u0161enju-analize.doc\" class=\"mtli_attachment mtli_doc\">Prijedlog Zaklju\u010dka o usvajanju Analize stanja za\u0161tite i spa\u0161avanja u Op\u0107ini Belica za 2014. godinu<\/a>uvjetima po\u017eara (materijal u prilogu) &#8211;\u00a0 predlagatelj je op\u0107inski na\u010delnik &#8211; predstavnik predlagatelja zadu\u017een za davanje obrazlo\u017eenja je op\u0107inski na\u010delnik, Zvonimir Taradi<\/p>\n<p><b>\u00a06. <\/b><b><a href=\"https:\/\/www.belica.hr\/wp\/wp-content\/uploads\/2014\/12\/odluka-o-dono\u0161enju-analize.doc\" class=\"mtli_attachment mtli_doc\">Prijedlog Zaklju\u010dka o usvajanju Analize stanja za\u0161tite i spa\u0161avanja u Op\u0107ini Belica za 2014. godinu<\/a> <\/b>(materijal u prilogu) &#8211; predlagatelj je op\u0107inski na\u010delnik &#8211; predstavnik predlagatelja zadu\u017een za davanje obrazlo\u017eenja je op\u0107inski na\u010delnik, Zvonimir Taradi<\/p>\n<p>7.\u00a0<a href=\"https:\/\/www.belica.hr\/wp\/wp-content\/uploads\/2014\/12\/odluka-o-dono\u0161enju-smjernica.doc\" class=\"mtli_attachment mtli_doc\">Prijedlog Zaklju\u010dka o usvajanju Smjernica za organizaciju i razvoj sustava za\u0161tite i spa\u0161avanja na podru\u010dju Op\u0107ine Belica za 2015. godinu<\/a> (materijal u prilogu) &#8211; predlagatelj je op\u0107inski na\u010delnik &#8211; predstavnik predlagatelja zadu\u017een za davanje obrazlo\u017eenja je op\u0107inski na\u010delnik, Zvonimir Taradi<\/p>\n<p><b>8.\u00a0<a href=\"https:\/\/www.belica.hr\/wp\/wp-content\/uploads\/2014\/12\/Provedbeni-plan-unapre\u0111enja-za\u0161tite-od-po\u017eara.doc\" class=\"mtli_attachment mtli_doc\">Prijedlog Provedbenog plana unapre\u0111enja za\u0161tite od po\u017eara na podru\u010dju Op\u0107ine Belica za 2015. godinu<\/a>\u00a0 <\/b>(materijal u prilogu) &#8211; predlagatelj je op\u0107inski na\u010delnik &#8211; predstavnik predlagatelja zadu\u017een za davanje obrazlo\u017eenja je op\u0107inski na\u010delnik, Zvonimir Taradi<\/p>\n<p>9.\u00a0<b><a href=\"https:\/\/www.belica.hr\/wp\/wp-content\/uploads\/2014\/12\/ime-ulice.doc\" class=\"mtli_attachment mtli_doc\">Prijedlog Odluke o imenovanju ulice ____________ u naselju Belica<\/a> <\/b>(materijal u prilogu) &#8211; predlagatelj je op\u0107inski na\u010delnik &#8211; predstavnik predlagatelja zadu\u017een za davanje obrazlo\u017eenja je op\u0107inski na\u010delnik, Zvonimir Taradi<\/p>\n<p><b>\u00a010.\u00a0<\/b><a href=\"https:\/\/www.belica.hr\/wp\/wp-content\/uploads\/2014\/12\/ravnopravnost-spolova.doc\" class=\"mtli_attachment mtli_doc\">Prijedlog Odluke o imenovanju Povjerenstva za ravnopravnost spolova Op\u0107ine Belica<\/a> (materijal u prilogu) &#8211; predlagatelj je op\u0107inski na\u010delnik &#8211; predstavnik predlagatelja zadu\u017een za davanje obrazlo\u017eenja je op\u0107inski na\u010delnik, Zvonimir Taradi<\/p>\n<p>11.\u00a0<a href=\"https:\/\/www.belica.hr\/wp\/wp-content\/uploads\/2014\/12\/prijenos-nerazvrstanih-cesta.doc\" class=\"mtli_attachment mtli_doc\">Prijedlog Odluke o prijenosu nerazvrstanih cesta<\/a> (materijal u prilogu) &#8211; predlagatelj je op\u0107inski na\u010delnik &#8211; predstavnik predlagatelja zadu\u017een za davanje obrazlo\u017eenja je op\u0107inski na\u010delnik, Zvonimir Taradi<\/p>\n<p>12. <b>Ostala pitanja i prijedlozi<\/b><\/p>\n<p>&nbsp;<\/p>\n","protected":false},"excerpt":{"rendered":"<p>10. prosinca 2014. godine, s po\u010detkom u 18,00 sati u prostoriji &#8220;Male dvorane&#8221; odr\u017eat \u0107e se 9. sjednica Op\u0107inskog vije\u0107a Op\u0107ine Belica. Prije po\u010detka 9. sjednice Op\u0107inskog vije\u0107a Op\u0107ine Belica u\u010denici Osnovne \u0161kole Belica predstavit \u0107e svoju prezentaciju. POZIV NA 9. SJEDNICU OP\u0106INSKOG VIJE\u0106A DNEVNI RED 9. SJEDNICE: 1.\u00a0Prijedlog Odluke o produ\u017eenju Ugovora o zakupu [&hellip;]<\/p>\n","protected":false},"author":1,"featured_media":0,"comment_status":"closed","ping_status":"closed","sticky":false,"template":"","format":"standard","meta":{"footnotes":""},"categories":[26,91],"tags":[609,611,610],"class_list":["post-5778","post","type-post","status-publish","format-standard","hentry","category-dokumenti","category-sjednice-opcinskog-vijeca","tag-9-sjednica","tag-9-sjednica-opcinskog-vijeca","tag-sjednice-opcinskog-vijeca-2"],"_links":{"self":[{"href":"https:\/\/www.belica.hr\/wp\/wp-json\/wp\/v2\/posts\/5778","targetHints":{"allow":["GET"]}}],"collection":[{"href":"https:\/\/www.belica.hr\/wp\/wp-json\/wp\/v2\/posts"}],"about":[{"href":"https:\/\/www.belica.hr\/wp\/wp-json\/wp\/v2\/types\/post"}],"author":[{"embeddable":true,"href":"https:\/\/www.belica.hr\/wp\/wp-json\/wp\/v2\/users\/1"}],"replies":[{"embeddable":true,"href":"https:\/\/www.belica.hr\/wp\/wp-json\/wp\/v2\/comments?post=5778"}],"version-history":[{"count":11,"href":"https:\/\/www.belica.hr\/wp\/wp-json\/wp\/v2\/posts\/5778\/revisions"}],"predecessor-version":[{"id":5798,"href":"https:\/\/www.belica.hr\/wp\/wp-json\/wp\/v2\/posts\/5778\/revisions\/5798"}],"wp:attachment":[{"href":"https:\/\/www.belica.hr\/wp\/wp-json\/wp\/v2\/media?parent=5778"}],"wp:term":[{"taxonomy":"category","embeddable":true,"href":"https:\/\/www.belica.hr\/wp\/wp-json\/wp\/v2\/categories?post=5778"},{"taxonomy":"post_tag","embeddable":true,"href":"https:\/\/www.belica.hr\/wp\/wp-json\/wp\/v2\/tags?post=5778"}],"curies":[{"name":"wp","href":"https:\/\/api.w.org\/{rel}","templated":true}]}}