{"id":5819,"date":"2014-12-12T09:47:27","date_gmt":"2014-12-12T09:47:27","guid":{"rendered":"http:\/\/www.belica.hr\/wp\/?p=5819"},"modified":"2014-12-12T09:47:27","modified_gmt":"2014-12-12T09:47:27","slug":"i-ove-godine-odrzat-ce-se-bozicni-koncert-limene-glazbe","status":"publish","type":"post","link":"https:\/\/www.belica.hr\/wp\/i-ove-godine-odrzat-ce-se-bozicni-koncert-limene-glazbe\/","title":{"rendered":"I ove godine odr\u017eat \u0107e se Bo\u017ei\u0107ni koncert Limene glazbe!"},"content":{"rendered":"<p><a href=\"https:\/\/www.belica.hr\/wp\/wp-content\/uploads\/2014\/12\/plakat-LIMENA-novi333.jpg\"><img fetchpriority=\"high\" decoding=\"async\" class=\"aligncenter size-full wp-image-5820\" alt=\"plakat LIMENA novi333\" src=\"https:\/\/www.belica.hr\/wp\/wp-content\/uploads\/2014\/12\/plakat-LIMENA-novi333.jpg\" width=\"1254\" height=\"1754\" srcset=\"https:\/\/www.belica.hr\/wp\/wp-content\/uploads\/2014\/12\/plakat-LIMENA-novi333.jpg 1254w, https:\/\/www.belica.hr\/wp\/wp-content\/uploads\/2014\/12\/plakat-LIMENA-novi333-214x300.jpg 214w, https:\/\/www.belica.hr\/wp\/wp-content\/uploads\/2014\/12\/plakat-LIMENA-novi333-732x1024.jpg 732w\" sizes=\"(max-width: 1254px) 100vw, 1254px\" \/><\/a><\/p>\n<p>&nbsp;<\/p>\n","protected":false},"excerpt":{"rendered":"<p>&nbsp;<\/p>\n","protected":false},"author":1,"featured_media":0,"comment_status":"closed","ping_status":"closed","sticky":false,"template":"","format":"standard","meta":{"footnotes":""},"categories":[1],"tags":[55,299,614,615],"class_list":["post-5819","post","type-post","status-publish","format-standard","hentry","category-opcina-belica","tag-belica","tag-bozic","tag-bozicni-koncert","tag-limena-glazba"],"_links":{"self":[{"href":"https:\/\/www.belica.hr\/wp\/wp-json\/wp\/v2\/posts\/5819","targetHints":{"allow":["GET"]}}],"collection":[{"href":"https:\/\/www.belica.hr\/wp\/wp-json\/wp\/v2\/posts"}],"about":[{"href":"https:\/\/www.belica.hr\/wp\/wp-json\/wp\/v2\/types\/post"}],"author":[{"embeddable":true,"href":"https:\/\/www.belica.hr\/wp\/wp-json\/wp\/v2\/users\/1"}],"replies":[{"embeddable":true,"href":"https:\/\/www.belica.hr\/wp\/wp-json\/wp\/v2\/comments?post=5819"}],"version-history":[{"count":1,"href":"https:\/\/www.belica.hr\/wp\/wp-json\/wp\/v2\/posts\/5819\/revisions"}],"predecessor-version":[{"id":5821,"href":"https:\/\/www.belica.hr\/wp\/wp-json\/wp\/v2\/posts\/5819\/revisions\/5821"}],"wp:attachment":[{"href":"https:\/\/www.belica.hr\/wp\/wp-json\/wp\/v2\/media?parent=5819"}],"wp:term":[{"taxonomy":"category","embeddable":true,"href":"https:\/\/www.belica.hr\/wp\/wp-json\/wp\/v2\/categories?post=5819"},{"taxonomy":"post_tag","embeddable":true,"href":"https:\/\/www.belica.hr\/wp\/wp-json\/wp\/v2\/tags?post=5819"}],"curies":[{"name":"wp","href":"https:\/\/api.w.org\/{rel}","templated":true}]}}