{"id":7641,"date":"2015-08-28T11:26:36","date_gmt":"2015-08-28T10:26:36","guid":{"rendered":"http:\/\/www.belica.hr\/wp\/?p=7641"},"modified":"2015-08-28T11:26:36","modified_gmt":"2015-08-28T10:26:36","slug":"izvjesce-o-provedenoj-javnoj-raspravi-i-pristiglim-primjedbama-i-prijedlozima-u-vremenu-njena-odrzavanja","status":"publish","type":"post","link":"https:\/\/www.belica.hr\/wp\/izvjesce-o-provedenoj-javnoj-raspravi-i-pristiglim-primjedbama-i-prijedlozima-u-vremenu-njena-odrzavanja\/","title":{"rendered":"Izvje\u0161\u0107e o provedenoj javnoj raspravi i pristiglim primjedbama i prijedlozima u vremenu njena odr\u017eavanja"},"content":{"rendered":"<p><em><strong><a href=\"https:\/\/www.belica.hr\/wp\/wp-content\/uploads\/2015\/08\/III_ID_PPUO_Belica_izvjesce_o_javnoj_raspravi.pdf\" class=\"mtli_attachment mtli_pdf\">Izvje\u0161\u0107e o provedenoj javnoj raspravi i pristiglim primjedbama i prijedlozima u vremenu njena odr\u017eavanja<br \/>\n<\/a><\/strong><\/em><\/p>\n<p>u postupku izrade III. izmjena i dopuna PPUO Belica.<\/p>\n","protected":false},"excerpt":{"rendered":"<p>Izvje\u0161\u0107e o provedenoj javnoj raspravi i pristiglim primjedbama i prijedlozima u vremenu njena odr\u017eavanja u postupku izrade III. izmjena i dopuna PPUO Belica.<\/p>\n","protected":false},"author":1,"featured_media":6774,"comment_status":"closed","ping_status":"closed","sticky":false,"template":"","format":"standard","meta":{"footnotes":""},"categories":[1,149],"tags":[793,458,83],"class_list":["post-7641","post","type-post","status-publish","format-standard","has-post-thumbnail","hentry","category-opcina-belica","category-prostorni-plan-2","tag-iii-izmjene-i-dopune-prostornog-plana","tag-izmjene-i-dopune","tag-prostorni-plan"],"_links":{"self":[{"href":"https:\/\/www.belica.hr\/wp\/wp-json\/wp\/v2\/posts\/7641","targetHints":{"allow":["GET"]}}],"collection":[{"href":"https:\/\/www.belica.hr\/wp\/wp-json\/wp\/v2\/posts"}],"about":[{"href":"https:\/\/www.belica.hr\/wp\/wp-json\/wp\/v2\/types\/post"}],"author":[{"embeddable":true,"href":"https:\/\/www.belica.hr\/wp\/wp-json\/wp\/v2\/users\/1"}],"replies":[{"embeddable":true,"href":"https:\/\/www.belica.hr\/wp\/wp-json\/wp\/v2\/comments?post=7641"}],"version-history":[{"count":2,"href":"https:\/\/www.belica.hr\/wp\/wp-json\/wp\/v2\/posts\/7641\/revisions"}],"predecessor-version":[{"id":7644,"href":"https:\/\/www.belica.hr\/wp\/wp-json\/wp\/v2\/posts\/7641\/revisions\/7644"}],"wp:featuredmedia":[{"embeddable":true,"href":"https:\/\/www.belica.hr\/wp\/wp-json\/wp\/v2\/media\/6774"}],"wp:attachment":[{"href":"https:\/\/www.belica.hr\/wp\/wp-json\/wp\/v2\/media?parent=7641"}],"wp:term":[{"taxonomy":"category","embeddable":true,"href":"https:\/\/www.belica.hr\/wp\/wp-json\/wp\/v2\/categories?post=7641"},{"taxonomy":"post_tag","embeddable":true,"href":"https:\/\/www.belica.hr\/wp\/wp-json\/wp\/v2\/tags?post=7641"}],"curies":[{"name":"wp","href":"https:\/\/api.w.org\/{rel}","templated":true}]}}