{"id":8343,"date":"2016-03-22T10:05:59","date_gmt":"2016-03-22T09:05:59","guid":{"rendered":"http:\/\/www.belica.hr\/wp\/?p=8343"},"modified":"2016-10-11T12:29:05","modified_gmt":"2016-10-11T11:29:05","slug":"javni-poziv-udrugama-opcine-belica-za-dostavu-izvjesca-o-izvrsenju-programa-projekata-korisnika-sredstava-proracuna-opcine-belica-za-2015-godinu","status":"publish","type":"post","link":"https:\/\/www.belica.hr\/wp\/javni-poziv-udrugama-opcine-belica-za-dostavu-izvjesca-o-izvrsenju-programa-projekata-korisnika-sredstava-proracuna-opcine-belica-za-2015-godinu\/","title":{"rendered":"Javni poziv udrugama Op\u0107ine Belica za dostavu izvje\u0161\u0107a o izvr\u0161enju programa &#8211; projekata korisnika sredstava Prora\u010duna Op\u0107ine Belica za 2015. godinu"},"content":{"rendered":"<p><a href=\"https:\/\/www.belica.hr\/wp\/wp-content\/uploads\/2016\/03\/udruge2.jpg\"><img fetchpriority=\"high\" decoding=\"async\" class=\"aligncenter size-large wp-image-8350\" title=\"JAVNI POZIV udrugama Op\u0107ine Belica za dostavu izvje\u0161\u0107a o izvr\u0161enju programa - projekata korisnika sredstava Prora\u010duna Op\u0107ine Belica za 2015. godinu\" src=\"https:\/\/www.belica.hr\/wp\/wp-content\/uploads\/2016\/03\/udruge2-745x1024.jpg\" alt=\"JAVNI POZIV udrugama Op\u0107ine Belica za dostavu izvje\u0161\u0107a o izvr\u0161enju programa - projekata korisnika sredstava Prora\u010duna Op\u0107ine Belica za 2015. godinu\" width=\"745\" height=\"1024\" srcset=\"https:\/\/www.belica.hr\/wp\/wp-content\/uploads\/2016\/03\/udruge2-745x1024.jpg 745w, https:\/\/www.belica.hr\/wp\/wp-content\/uploads\/2016\/03\/udruge2-218x300.jpg 218w, https:\/\/www.belica.hr\/wp\/wp-content\/uploads\/2016\/03\/udruge2-17x24.jpg 17w, https:\/\/www.belica.hr\/wp\/wp-content\/uploads\/2016\/03\/udruge2-26x36.jpg 26w, https:\/\/www.belica.hr\/wp\/wp-content\/uploads\/2016\/03\/udruge2-35x48.jpg 35w, https:\/\/www.belica.hr\/wp\/wp-content\/uploads\/2016\/03\/udruge2.jpg 762w\" sizes=\"(max-width: 745px) 100vw, 745px\" \/><\/a><!--more--><\/p>\n<p><a href=\"https:\/\/www.belica.hr\/wp\/wp-content\/uploads\/2016\/03\/C2_obrazac_opisnog_izvjestaja_projekta-2.doc\" class=\"mtli_attachment mtli_doc\">Opisni izvje\u0161taj projekta\/programa<\/a><\/p>\n<p><span style=\"color: #ffffff;\">&#8230;<\/span><\/p>\n<p><a href=\"https:\/\/www.belica.hr\/wp\/wp-content\/uploads\/2016\/03\/C3_obrazac_financijskog_izvjestaja_projekta-2.xls\" class=\"mtli_attachment mtli_xls\">Financijski izvje\u0161taj<\/a><\/p>\n","protected":false},"excerpt":{"rendered":"","protected":false},"author":1,"featured_media":8348,"comment_status":"closed","ping_status":"closed","sticky":false,"template":"","format":"standard","meta":{"footnotes":""},"categories":[94,189,23,183],"tags":[984,172,986,114,425,985,982,983,43],"class_list":["post-8343","post","type-post","status-publish","format-standard","has-post-thumbnail","hentry","category-javni-pozivi","category-obrasci","category-udruge-i-organizacije","category-vazne-informacije","tag-financijski-izvjestaj","tag-financiranje","tag-izvrsenje-programa","tag-javni-poziv","tag-korisnici-proracuna","tag-opisni-izvjestaj","tag-pravdanje-sredstava","tag-proracunski-korisnici","tag-udruge"],"_links":{"self":[{"href":"https:\/\/www.belica.hr\/wp\/wp-json\/wp\/v2\/posts\/8343","targetHints":{"allow":["GET"]}}],"collection":[{"href":"https:\/\/www.belica.hr\/wp\/wp-json\/wp\/v2\/posts"}],"about":[{"href":"https:\/\/www.belica.hr\/wp\/wp-json\/wp\/v2\/types\/post"}],"author":[{"embeddable":true,"href":"https:\/\/www.belica.hr\/wp\/wp-json\/wp\/v2\/users\/1"}],"replies":[{"embeddable":true,"href":"https:\/\/www.belica.hr\/wp\/wp-json\/wp\/v2\/comments?post=8343"}],"version-history":[{"count":4,"href":"https:\/\/www.belica.hr\/wp\/wp-json\/wp\/v2\/posts\/8343\/revisions"}],"predecessor-version":[{"id":9007,"href":"https:\/\/www.belica.hr\/wp\/wp-json\/wp\/v2\/posts\/8343\/revisions\/9007"}],"wp:featuredmedia":[{"embeddable":true,"href":"https:\/\/www.belica.hr\/wp\/wp-json\/wp\/v2\/media\/8348"}],"wp:attachment":[{"href":"https:\/\/www.belica.hr\/wp\/wp-json\/wp\/v2\/media?parent=8343"}],"wp:term":[{"taxonomy":"category","embeddable":true,"href":"https:\/\/www.belica.hr\/wp\/wp-json\/wp\/v2\/categories?post=8343"},{"taxonomy":"post_tag","embeddable":true,"href":"https:\/\/www.belica.hr\/wp\/wp-json\/wp\/v2\/tags?post=8343"}],"curies":[{"name":"wp","href":"https:\/\/api.w.org\/{rel}","templated":true}]}}