{"id":8366,"date":"2016-04-01T12:30:19","date_gmt":"2016-04-01T11:30:19","guid":{"rendered":"http:\/\/www.belica.hr\/wp\/?p=8366"},"modified":"2016-04-04T10:43:16","modified_gmt":"2016-04-04T09:43:16","slug":"trazi-se-vlasnik-psa","status":"publish","type":"post","link":"https:\/\/www.belica.hr\/wp\/trazi-se-vlasnik-psa\/","title":{"rendered":"Tra\u017ei se vlasnik psa!"},"content":{"rendered":"<p>&nbsp;<\/p>\n<p><a href=\"https:\/\/www.belica.hr\/wp\/wp-content\/uploads\/2016\/04\/DSCN2518-\u2013-kopija.jpg\"><img fetchpriority=\"high\" decoding=\"async\" class=\"aligncenter size-large wp-image-8368\" title=\"DSCN2518 \u2013 kopija\" src=\"https:\/\/www.belica.hr\/wp\/wp-content\/uploads\/2016\/04\/DSCN2518-\u2013-kopija-1024x299.jpg\" alt=\"DSCN2518 \u2013 kopija\" width=\"1024\" height=\"299\" srcset=\"https:\/\/www.belica.hr\/wp\/wp-content\/uploads\/2016\/04\/DSCN2518-\u2013-kopija-1024x299.jpg 1024w, https:\/\/www.belica.hr\/wp\/wp-content\/uploads\/2016\/04\/DSCN2518-\u2013-kopija-300x88.jpg 300w, https:\/\/www.belica.hr\/wp\/wp-content\/uploads\/2016\/04\/DSCN2518-\u2013-kopija-24x7.jpg 24w, https:\/\/www.belica.hr\/wp\/wp-content\/uploads\/2016\/04\/DSCN2518-\u2013-kopija-36x11.jpg 36w, https:\/\/www.belica.hr\/wp\/wp-content\/uploads\/2016\/04\/DSCN2518-\u2013-kopija-48x14.jpg 48w, https:\/\/www.belica.hr\/wp\/wp-content\/uploads\/2016\/04\/DSCN2518-\u2013-kopija.jpg 1048w\" sizes=\"(max-width: 1024px) 100vw, 1024px\" \/><\/a><\/p>\n<p>Po\u0161tovani mje\u0161tani Op\u0107ine Belica,<\/p>\n<p>ukoliko raspola\u017eete informacijama &#8211; tko je vlasnik psa koji se nalazi van ograde dvori\u0161ta i luta Radni\u010dkom ulicom, molimo vas da nam javite podatke.<\/p>\n<p>Fotografiju je snimio op\u0107inski na\u010delnik u nadi da \u0107e se rije\u0161iti nastali problem.<\/p>\n<p>Podatke mo\u017eete dostaviti na mail: opcina@belica.hr ili pozivom na broj telefona: 846-067.<\/p>\n<p>&nbsp;<\/p>\n<p style=\"text-align: center;\"><a href=\"https:\/\/www.belica.hr\/wp\/wp-content\/uploads\/2016\/04\/DSCN2518-\u2013-kopija-2.jpg\"><img decoding=\"async\" class=\"aligncenter size-full wp-image-8369\" title=\"DSCN2518 \u2013 kopija (2)\" src=\"https:\/\/www.belica.hr\/wp\/wp-content\/uploads\/2016\/04\/DSCN2518-\u2013-kopija-2.jpg\" alt=\"DSCN2518 \u2013 kopija (2)\" width=\"721\" height=\"412\" srcset=\"https:\/\/www.belica.hr\/wp\/wp-content\/uploads\/2016\/04\/DSCN2518-\u2013-kopija-2.jpg 721w, https:\/\/www.belica.hr\/wp\/wp-content\/uploads\/2016\/04\/DSCN2518-\u2013-kopija-2-300x171.jpg 300w, https:\/\/www.belica.hr\/wp\/wp-content\/uploads\/2016\/04\/DSCN2518-\u2013-kopija-2-24x14.jpg 24w, https:\/\/www.belica.hr\/wp\/wp-content\/uploads\/2016\/04\/DSCN2518-\u2013-kopija-2-36x21.jpg 36w, https:\/\/www.belica.hr\/wp\/wp-content\/uploads\/2016\/04\/DSCN2518-\u2013-kopija-2-48x27.jpg 48w\" sizes=\"(max-width: 721px) 100vw, 721px\" \/><\/a><em>Na\u010delnik me pital \u010diji sam&#8230; Ljudi, ja nebrem re\u010di ili me na na\u010delnik razmil &#8211; pove\u010dte mu &#8211; AV, AV, AV<\/em><\/p>\n<p style=\"text-align: center;\">\n<p style=\"text-align: right;\"><em>Op\u0107inski na\u010delnik<\/em><\/p>\n<p style=\"text-align: right;\"><em>Zvonimir Taradi<\/em><\/p>\n","protected":false},"excerpt":{"rendered":"<p>&nbsp; Po\u0161tovani mje\u0161tani Op\u0107ine Belica, ukoliko raspola\u017eete informacijama &#8211; tko je vlasnik psa koji se nalazi van ograde dvori\u0161ta i luta Radni\u010dkom ulicom, molimo vas da nam javite podatke. Fotografiju je snimio op\u0107inski na\u010delnik u nadi da \u0107e se rije\u0161iti nastali problem. Podatke mo\u017eete dostaviti na mail: opcina@belica.hr ili pozivom na broj telefona: 846-067. &nbsp; [&hellip;]<\/p>\n","protected":false},"author":4,"featured_media":8371,"comment_status":"closed","ping_status":"closed","sticky":false,"template":"","format":"standard","meta":{"footnotes":""},"categories":[1],"tags":[992,991,541,993],"class_list":["post-8366","post","type-post","status-publish","format-standard","has-post-thumbnail","hentry","category-opcina-belica","tag-napusteni-psi","tag-pas","tag-psi","tag-psi-lutalice"],"_links":{"self":[{"href":"https:\/\/www.belica.hr\/wp\/wp-json\/wp\/v2\/posts\/8366","targetHints":{"allow":["GET"]}}],"collection":[{"href":"https:\/\/www.belica.hr\/wp\/wp-json\/wp\/v2\/posts"}],"about":[{"href":"https:\/\/www.belica.hr\/wp\/wp-json\/wp\/v2\/types\/post"}],"author":[{"embeddable":true,"href":"https:\/\/www.belica.hr\/wp\/wp-json\/wp\/v2\/users\/4"}],"replies":[{"embeddable":true,"href":"https:\/\/www.belica.hr\/wp\/wp-json\/wp\/v2\/comments?post=8366"}],"version-history":[{"count":3,"href":"https:\/\/www.belica.hr\/wp\/wp-json\/wp\/v2\/posts\/8366\/revisions"}],"predecessor-version":[{"id":8373,"href":"https:\/\/www.belica.hr\/wp\/wp-json\/wp\/v2\/posts\/8366\/revisions\/8373"}],"wp:featuredmedia":[{"embeddable":true,"href":"https:\/\/www.belica.hr\/wp\/wp-json\/wp\/v2\/media\/8371"}],"wp:attachment":[{"href":"https:\/\/www.belica.hr\/wp\/wp-json\/wp\/v2\/media?parent=8366"}],"wp:term":[{"taxonomy":"category","embeddable":true,"href":"https:\/\/www.belica.hr\/wp\/wp-json\/wp\/v2\/categories?post=8366"},{"taxonomy":"post_tag","embeddable":true,"href":"https:\/\/www.belica.hr\/wp\/wp-json\/wp\/v2\/tags?post=8366"}],"curies":[{"name":"wp","href":"https:\/\/api.w.org\/{rel}","templated":true}]}}