{"id":9656,"date":"2017-05-05T12:24:10","date_gmt":"2017-05-05T11:24:10","guid":{"rendered":"http:\/\/www.belica.hr\/wp\/?p=9656"},"modified":"2017-05-05T12:24:10","modified_gmt":"2017-05-05T11:24:10","slug":"zbirna-lista-pravovaljanih-kandidatura-za-izbor-opcinskog-nacelnika-opcine-belica","status":"publish","type":"post","link":"https:\/\/www.belica.hr\/wp\/zbirna-lista-pravovaljanih-kandidatura-za-izbor-opcinskog-nacelnika-opcine-belica\/","title":{"rendered":"Zbirna lista pravovaljanih kandidatura za izbor op\u0107inskog na\u010delnika Op\u0107ine Belica"},"content":{"rendered":"<p><a href=\"https:\/\/www.belica.hr\/wp\/wp-content\/uploads\/2017\/05\/ZBIRNA-LISTA-NA\u010cELNICI.pdf\" class=\"mtli_attachment mtli_pdf\">Zbirna lista pravovaljanih kandidatura za izbor op\u0107inskog na\u010delnika Op\u0107ine Belica<\/a><\/p>\n","protected":false},"excerpt":{"rendered":"<p>Zbirna lista pravovaljanih kandidatura za izbor op\u0107inskog na\u010delnika Op\u0107ine Belica<\/p>\n","protected":false},"author":1,"featured_media":9621,"comment_status":"closed","ping_status":"closed","sticky":false,"template":"","format":"standard","meta":{"footnotes":""},"categories":[1],"tags":[214,1203,1202],"class_list":["post-9656","post","type-post","status-publish","format-standard","has-post-thumbnail","hentry","category-opcina-belica","tag-opcinski-nacelnik","tag-pravovaljana","tag-zbirna-lista"],"_links":{"self":[{"href":"https:\/\/www.belica.hr\/wp\/wp-json\/wp\/v2\/posts\/9656","targetHints":{"allow":["GET"]}}],"collection":[{"href":"https:\/\/www.belica.hr\/wp\/wp-json\/wp\/v2\/posts"}],"about":[{"href":"https:\/\/www.belica.hr\/wp\/wp-json\/wp\/v2\/types\/post"}],"author":[{"embeddable":true,"href":"https:\/\/www.belica.hr\/wp\/wp-json\/wp\/v2\/users\/1"}],"replies":[{"embeddable":true,"href":"https:\/\/www.belica.hr\/wp\/wp-json\/wp\/v2\/comments?post=9656"}],"version-history":[{"count":1,"href":"https:\/\/www.belica.hr\/wp\/wp-json\/wp\/v2\/posts\/9656\/revisions"}],"predecessor-version":[{"id":9658,"href":"https:\/\/www.belica.hr\/wp\/wp-json\/wp\/v2\/posts\/9656\/revisions\/9658"}],"wp:featuredmedia":[{"embeddable":true,"href":"https:\/\/www.belica.hr\/wp\/wp-json\/wp\/v2\/media\/9621"}],"wp:attachment":[{"href":"https:\/\/www.belica.hr\/wp\/wp-json\/wp\/v2\/media?parent=9656"}],"wp:term":[{"taxonomy":"category","embeddable":true,"href":"https:\/\/www.belica.hr\/wp\/wp-json\/wp\/v2\/categories?post=9656"},{"taxonomy":"post_tag","embeddable":true,"href":"https:\/\/www.belica.hr\/wp\/wp-json\/wp\/v2\/tags?post=9656"}],"curies":[{"name":"wp","href":"https:\/\/api.w.org\/{rel}","templated":true}]}}