{"id":9805,"date":"2017-06-28T11:53:31","date_gmt":"2017-06-28T10:53:31","guid":{"rendered":"http:\/\/www.belica.hr\/wp\/?p=9805"},"modified":"2020-10-21T10:10:35","modified_gmt":"2020-10-21T09:10:35","slug":"odrzana-je-2-sjednica-opcinskog-vijeca-opcine-belica-2","status":"publish","type":"post","link":"https:\/\/www.belica.hr\/wp\/odrzana-je-2-sjednica-opcinskog-vijeca-opcine-belica-2\/","title":{"rendered":"Odr\u017eana je 2. sjednica Op\u0107inskog vije\u0107a Op\u0107ine Belica"},"content":{"rendered":"<p>21. lipnja 2017. godine odr\u017eana je 2. sjednica Op\u0107inskog vije\u0107a Op\u0107ine Belica.<\/p>\n<p><span style=\"text-decoration: underline;\">DNEVNI RED:<\/span><\/p>\n<ol>\n<li><a href=\"https:\/\/www.belica.hr\/wp\/wp-content\/uploads\/2017\/06\/ODLUKA-O-DODJELI-JAVNIH-PRIZNANJA-U-2017.-GODINI1.pdf\" class=\"mtli_attachment mtli_pdf\">TO\u010cKA: Odluka o dodjeli javnih priznanja Op\u0107ine Belica<\/a><\/li>\n<\/ol>\n<ol start=\"2\">\n<li>TO\u010cKA: Ostala pitanja i prijedlozi<\/li>\n<\/ol>\n<p><span style=\"color: #ffffff;\">&#8230;<\/span><\/p>\n<p><a href=\"https:\/\/www.belica.hr\/wp\/wp-content\/uploads\/2017\/06\/ZAPISNIK-2.-SJEDNICA.pdf\" class=\"mtli_attachment mtli_pdf\"> ZAPISNIK SA 2. SJEDNICE OP\u0106INSKOG VIJE\u0106A OP\u0106INE BELICA<\/a><\/p>\n","protected":false},"excerpt":{"rendered":"<p>21. lipnja 2017. godine odr\u017eana je 2. sjednica Op\u0107inskog vije\u0107a Op\u0107ine Belica. DNEVNI RED: TO\u010cKA: Odluka o dodjeli javnih priznanja Op\u0107ine Belica TO\u010cKA: Ostala pitanja i prijedlozi &#8230; ZAPISNIK SA 2. SJEDNICE OP\u0106INSKOG VIJE\u0106A OP\u0106INE BELICA<\/p>\n","protected":false},"author":1,"featured_media":9145,"comment_status":"closed","ping_status":"closed","sticky":false,"template":"","format":"standard","meta":{"footnotes":""},"categories":[1649],"tags":[1224,79,596,318,846,804,1015,256,1225,1226,519],"class_list":["post-9805","post","type-post","status-publish","format-standard","has-post-thumbnail","hentry","category-mandat-od-2017-do-2021-godine","tag-grb-opcine-belica","tag-javna-priznanja","tag-javne-povrsine","tag-kud-belica","tag-marija-prekupec","tag-pohvalnica","tag-priznanje","tag-program-gradnje-objekata-i-uredaja-komunalne-infrastrukture-za-2013","tag-samostan","tag-sestre-karmelicanke","tag-zahvalnica"],"_links":{"self":[{"href":"https:\/\/www.belica.hr\/wp\/wp-json\/wp\/v2\/posts\/9805","targetHints":{"allow":["GET"]}}],"collection":[{"href":"https:\/\/www.belica.hr\/wp\/wp-json\/wp\/v2\/posts"}],"about":[{"href":"https:\/\/www.belica.hr\/wp\/wp-json\/wp\/v2\/types\/post"}],"author":[{"embeddable":true,"href":"https:\/\/www.belica.hr\/wp\/wp-json\/wp\/v2\/users\/1"}],"replies":[{"embeddable":true,"href":"https:\/\/www.belica.hr\/wp\/wp-json\/wp\/v2\/comments?post=9805"}],"version-history":[{"count":4,"href":"https:\/\/www.belica.hr\/wp\/wp-json\/wp\/v2\/posts\/9805\/revisions"}],"predecessor-version":[{"id":9819,"href":"https:\/\/www.belica.hr\/wp\/wp-json\/wp\/v2\/posts\/9805\/revisions\/9819"}],"wp:featuredmedia":[{"embeddable":true,"href":"https:\/\/www.belica.hr\/wp\/wp-json\/wp\/v2\/media\/9145"}],"wp:attachment":[{"href":"https:\/\/www.belica.hr\/wp\/wp-json\/wp\/v2\/media?parent=9805"}],"wp:term":[{"taxonomy":"category","embeddable":true,"href":"https:\/\/www.belica.hr\/wp\/wp-json\/wp\/v2\/categories?post=9805"},{"taxonomy":"post_tag","embeddable":true,"href":"https:\/\/www.belica.hr\/wp\/wp-json\/wp\/v2\/tags?post=9805"}],"curies":[{"name":"wp","href":"https:\/\/api.w.org\/{rel}","templated":true}]}}